{"id":30447,"date":"2019-07-27T14:36:37","date_gmt":"2019-07-27T12:36:37","guid":{"rendered":"http:\/\/huxlipux.de\/blog\/?p=30447"},"modified":"2019-07-27T14:37:39","modified_gmt":"2019-07-27T12:37:39","slug":"maerchenmonat-august","status":"publish","type":"post","link":"https:\/\/huxlipux.de\/blog\/2019\/07\/maerchenmonat-august\/","title":{"rendered":"M\u00e4rchenmonat August"},"content":{"rendered":"\n<p>Lieber Huxlipuxfreunde,<\/p>\n\n\n\n<p>am 1. August beginnt ein bunter M\u00e4rchenmonat, in dem ihr die sch\u00f6nen M\u00e4rchen aus dem Buch &#8222;M\u00e4rchenmosaik&#8220; h\u00f6ren werdet.<\/p>\n\n\n\n<figure class=\"wp-block-image\"><img loading=\"lazy\" decoding=\"async\" width=\"1024\" height=\"974\" src=\"http:\/\/huxlipux.de\/blog\/wp-content\/uploads\/2019\/07\/IMG_8776-1024x974.jpg\" alt=\"\" class=\"wp-image-30448\" srcset=\"https:\/\/huxlipux.de\/blog\/wp-content\/uploads\/2019\/07\/IMG_8776.jpg 1024w, https:\/\/huxlipux.de\/blog\/wp-content\/uploads\/2019\/07\/IMG_8776-300x285.jpg 300w, https:\/\/huxlipux.de\/blog\/wp-content\/uploads\/2019\/07\/IMG_8776-768x731.jpg 768w, https:\/\/huxlipux.de\/blog\/wp-content\/uploads\/2019\/07\/IMG_8776-350x333.jpg 350w\" sizes=\"auto, (max-width: 1024px) 100vw, 1024px\" \/><\/figure>\n\n\n\n<p>Die Bewohner von Huxlipux suchen ihre Lieblingstexte aus. Seid gespannt!<\/p>\n","protected":false},"excerpt":{"rendered":"<p class=\"excerpt\">Lieber Huxlipuxfreunde, am 1. August beginnt ein bunter M\u00e4rchenmonat, in dem ihr die sch\u00f6nen M\u00e4rchen aus dem Buch &#8222;M\u00e4rchenmosaik&#8220; h\u00f6ren werdet. Die Bewohner von Huxlipux suchen ihre Lieblingstexte aus. Seid&hellip; <span class=\"more-link\">more<\/span><\/p>\n","protected":false},"author":5,"featured_media":0,"comment_status":"open","ping_status":"open","sticky":false,"template":"","format":"standard","meta":{"footnotes":""},"categories":[1],"tags":[],"class_list":["post-30447","post","type-post","status-publish","format-standard","hentry","category-hasenoma"],"yoast_head":"<!-- This site is optimized with the Yoast SEO plugin v26.9 - https:\/\/yoast.com\/product\/yoast-seo-wordpress\/ -->\n<title>M\u00e4rchenmonat August - Huxlipux.de<\/title>\n<meta name=\"robots\" content=\"index, follow, max-snippet:-1, max-image-preview:large, max-video-preview:-1\" \/>\n<link rel=\"canonical\" href=\"https:\/\/huxlipux.de\/blog\/2019\/07\/maerchenmonat-august\/\" \/>\n<meta property=\"og:locale\" content=\"de_DE\" \/>\n<meta property=\"og:type\" content=\"article\" \/>\n<meta property=\"og:title\" content=\"M\u00e4rchenmonat August - Huxlipux.de\" \/>\n<meta property=\"og:description\" content=\"Lieber Huxlipuxfreunde, am 1. August beginnt ein bunter M\u00e4rchenmonat, in dem ihr die sch\u00f6nen M\u00e4rchen aus dem Buch &#8222;M\u00e4rchenmosaik&#8220; h\u00f6ren werdet. Die Bewohner von Huxlipux suchen ihre Lieblingstexte aus. Seid&hellip; more\" \/>\n<meta property=\"og:url\" content=\"https:\/\/huxlipux.de\/blog\/2019\/07\/maerchenmonat-august\/\" \/>\n<meta property=\"og:site_name\" content=\"Huxlipux.de\" \/>\n<meta property=\"article:published_time\" content=\"2019-07-27T12:36:37+00:00\" \/>\n<meta property=\"article:modified_time\" content=\"2019-07-27T12:37:39+00:00\" \/>\n<meta property=\"og:image\" content=\"https:\/\/huxlipux.de\/blog\/wp-content\/uploads\/2019\/07\/IMG_8776.jpg\" \/>\n\t<meta property=\"og:image:width\" content=\"1024\" \/>\n\t<meta property=\"og:image:height\" content=\"974\" \/>\n\t<meta property=\"og:image:type\" content=\"image\/jpeg\" \/>\n<meta name=\"author\" content=\"Katrin Schrader\" \/>\n<meta name=\"twitter:label1\" content=\"Verfasst von\" \/>\n\t<meta name=\"twitter:data1\" content=\"Katrin Schrader\" \/>\n<script type=\"application\/ld+json\" class=\"yoast-schema-graph\">{\"@context\":\"https:\/\/schema.org\",\"@graph\":[{\"@type\":\"Article\",\"@id\":\"https:\/\/huxlipux.de\/blog\/2019\/07\/maerchenmonat-august\/#article\",\"isPartOf\":{\"@id\":\"https:\/\/huxlipux.de\/blog\/2019\/07\/maerchenmonat-august\/\"},\"author\":{\"name\":\"Katrin Schrader\",\"@id\":\"https:\/\/huxlipux.de\/blog\/#\/schema\/person\/b8c65484f194a2d6f784a4a0e448bcb1\"},\"headline\":\"M\u00e4rchenmonat August\",\"datePublished\":\"2019-07-27T12:36:37+00:00\",\"dateModified\":\"2019-07-27T12:37:39+00:00\",\"mainEntityOfPage\":{\"@id\":\"https:\/\/huxlipux.de\/blog\/2019\/07\/maerchenmonat-august\/\"},\"wordCount\":38,\"commentCount\":0,\"image\":{\"@id\":\"https:\/\/huxlipux.de\/blog\/2019\/07\/maerchenmonat-august\/#primaryimage\"},\"thumbnailUrl\":\"http:\/\/huxlipux.de\/blog\/wp-content\/uploads\/2019\/07\/IMG_8776-1024x974.jpg\",\"articleSection\":[\"Hasenoma und ihre Freunde\"],\"inLanguage\":\"de\",\"potentialAction\":[{\"@type\":\"CommentAction\",\"name\":\"Comment\",\"target\":[\"https:\/\/huxlipux.de\/blog\/2019\/07\/maerchenmonat-august\/#respond\"]}]},{\"@type\":\"WebPage\",\"@id\":\"https:\/\/huxlipux.de\/blog\/2019\/07\/maerchenmonat-august\/\",\"url\":\"https:\/\/huxlipux.de\/blog\/2019\/07\/maerchenmonat-august\/\",\"name\":\"M\u00e4rchenmonat August - Huxlipux.de\",\"isPartOf\":{\"@id\":\"https:\/\/huxlipux.de\/blog\/#website\"},\"primaryImageOfPage\":{\"@id\":\"https:\/\/huxlipux.de\/blog\/2019\/07\/maerchenmonat-august\/#primaryimage\"},\"image\":{\"@id\":\"https:\/\/huxlipux.de\/blog\/2019\/07\/maerchenmonat-august\/#primaryimage\"},\"thumbnailUrl\":\"http:\/\/huxlipux.de\/blog\/wp-content\/uploads\/2019\/07\/IMG_8776-1024x974.jpg\",\"datePublished\":\"2019-07-27T12:36:37+00:00\",\"dateModified\":\"2019-07-27T12:37:39+00:00\",\"author\":{\"@id\":\"https:\/\/huxlipux.de\/blog\/#\/schema\/person\/b8c65484f194a2d6f784a4a0e448bcb1\"},\"breadcrumb\":{\"@id\":\"https:\/\/huxlipux.de\/blog\/2019\/07\/maerchenmonat-august\/#breadcrumb\"},\"inLanguage\":\"de\",\"potentialAction\":[{\"@type\":\"ReadAction\",\"target\":[\"https:\/\/huxlipux.de\/blog\/2019\/07\/maerchenmonat-august\/\"]}]},{\"@type\":\"ImageObject\",\"inLanguage\":\"de\",\"@id\":\"https:\/\/huxlipux.de\/blog\/2019\/07\/maerchenmonat-august\/#primaryimage\",\"url\":\"http:\/\/huxlipux.de\/blog\/wp-content\/uploads\/2019\/07\/IMG_8776-1024x974.jpg\",\"contentUrl\":\"http:\/\/huxlipux.de\/blog\/wp-content\/uploads\/2019\/07\/IMG_8776-1024x974.jpg\"},{\"@type\":\"BreadcrumbList\",\"@id\":\"https:\/\/huxlipux.de\/blog\/2019\/07\/maerchenmonat-august\/#breadcrumb\",\"itemListElement\":[{\"@type\":\"ListItem\",\"position\":1,\"name\":\"Home\",\"item\":\"https:\/\/huxlipux.de\/blog\/\"},{\"@type\":\"ListItem\",\"position\":2,\"name\":\"M\u00e4rchenmonat August\"}]},{\"@type\":\"WebSite\",\"@id\":\"https:\/\/huxlipux.de\/blog\/#website\",\"url\":\"https:\/\/huxlipux.de\/blog\/\",\"name\":\"Huxlipux.de\",\"description\":\"Kinder-Geschichten Blog f\u00fcr Kinder von 3 bis 99\",\"potentialAction\":[{\"@type\":\"SearchAction\",\"target\":{\"@type\":\"EntryPoint\",\"urlTemplate\":\"https:\/\/huxlipux.de\/blog\/?s={search_term_string}\"},\"query-input\":{\"@type\":\"PropertyValueSpecification\",\"valueRequired\":true,\"valueName\":\"search_term_string\"}}],\"inLanguage\":\"de\"},{\"@type\":\"Person\",\"@id\":\"https:\/\/huxlipux.de\/blog\/#\/schema\/person\/b8c65484f194a2d6f784a4a0e448bcb1\",\"name\":\"Katrin Schrader\",\"url\":\"https:\/\/huxlipux.de\/blog\/author\/katrin\/\"}]}<\/script>\n<!-- \/ Yoast SEO plugin. -->","yoast_head_json":{"title":"M\u00e4rchenmonat August - Huxlipux.de","robots":{"index":"index","follow":"follow","max-snippet":"max-snippet:-1","max-image-preview":"max-image-preview:large","max-video-preview":"max-video-preview:-1"},"canonical":"https:\/\/huxlipux.de\/blog\/2019\/07\/maerchenmonat-august\/","og_locale":"de_DE","og_type":"article","og_title":"M\u00e4rchenmonat August - Huxlipux.de","og_description":"Lieber Huxlipuxfreunde, am 1. August beginnt ein bunter M\u00e4rchenmonat, in dem ihr die sch\u00f6nen M\u00e4rchen aus dem Buch &#8222;M\u00e4rchenmosaik&#8220; h\u00f6ren werdet. Die Bewohner von Huxlipux suchen ihre Lieblingstexte aus. Seid&hellip; more","og_url":"https:\/\/huxlipux.de\/blog\/2019\/07\/maerchenmonat-august\/","og_site_name":"Huxlipux.de","article_published_time":"2019-07-27T12:36:37+00:00","article_modified_time":"2019-07-27T12:37:39+00:00","og_image":[{"width":1024,"height":974,"url":"https:\/\/huxlipux.de\/blog\/wp-content\/uploads\/2019\/07\/IMG_8776.jpg","type":"image\/jpeg"}],"author":"Katrin Schrader","twitter_misc":{"Verfasst von":"Katrin Schrader"},"schema":{"@context":"https:\/\/schema.org","@graph":[{"@type":"Article","@id":"https:\/\/huxlipux.de\/blog\/2019\/07\/maerchenmonat-august\/#article","isPartOf":{"@id":"https:\/\/huxlipux.de\/blog\/2019\/07\/maerchenmonat-august\/"},"author":{"name":"Katrin Schrader","@id":"https:\/\/huxlipux.de\/blog\/#\/schema\/person\/b8c65484f194a2d6f784a4a0e448bcb1"},"headline":"M\u00e4rchenmonat August","datePublished":"2019-07-27T12:36:37+00:00","dateModified":"2019-07-27T12:37:39+00:00","mainEntityOfPage":{"@id":"https:\/\/huxlipux.de\/blog\/2019\/07\/maerchenmonat-august\/"},"wordCount":38,"commentCount":0,"image":{"@id":"https:\/\/huxlipux.de\/blog\/2019\/07\/maerchenmonat-august\/#primaryimage"},"thumbnailUrl":"http:\/\/huxlipux.de\/blog\/wp-content\/uploads\/2019\/07\/IMG_8776-1024x974.jpg","articleSection":["Hasenoma und ihre Freunde"],"inLanguage":"de","potentialAction":[{"@type":"CommentAction","name":"Comment","target":["https:\/\/huxlipux.de\/blog\/2019\/07\/maerchenmonat-august\/#respond"]}]},{"@type":"WebPage","@id":"https:\/\/huxlipux.de\/blog\/2019\/07\/maerchenmonat-august\/","url":"https:\/\/huxlipux.de\/blog\/2019\/07\/maerchenmonat-august\/","name":"M\u00e4rchenmonat August - Huxlipux.de","isPartOf":{"@id":"https:\/\/huxlipux.de\/blog\/#website"},"primaryImageOfPage":{"@id":"https:\/\/huxlipux.de\/blog\/2019\/07\/maerchenmonat-august\/#primaryimage"},"image":{"@id":"https:\/\/huxlipux.de\/blog\/2019\/07\/maerchenmonat-august\/#primaryimage"},"thumbnailUrl":"http:\/\/huxlipux.de\/blog\/wp-content\/uploads\/2019\/07\/IMG_8776-1024x974.jpg","datePublished":"2019-07-27T12:36:37+00:00","dateModified":"2019-07-27T12:37:39+00:00","author":{"@id":"https:\/\/huxlipux.de\/blog\/#\/schema\/person\/b8c65484f194a2d6f784a4a0e448bcb1"},"breadcrumb":{"@id":"https:\/\/huxlipux.de\/blog\/2019\/07\/maerchenmonat-august\/#breadcrumb"},"inLanguage":"de","potentialAction":[{"@type":"ReadAction","target":["https:\/\/huxlipux.de\/blog\/2019\/07\/maerchenmonat-august\/"]}]},{"@type":"ImageObject","inLanguage":"de","@id":"https:\/\/huxlipux.de\/blog\/2019\/07\/maerchenmonat-august\/#primaryimage","url":"http:\/\/huxlipux.de\/blog\/wp-content\/uploads\/2019\/07\/IMG_8776-1024x974.jpg","contentUrl":"http:\/\/huxlipux.de\/blog\/wp-content\/uploads\/2019\/07\/IMG_8776-1024x974.jpg"},{"@type":"BreadcrumbList","@id":"https:\/\/huxlipux.de\/blog\/2019\/07\/maerchenmonat-august\/#breadcrumb","itemListElement":[{"@type":"ListItem","position":1,"name":"Home","item":"https:\/\/huxlipux.de\/blog\/"},{"@type":"ListItem","position":2,"name":"M\u00e4rchenmonat August"}]},{"@type":"WebSite","@id":"https:\/\/huxlipux.de\/blog\/#website","url":"https:\/\/huxlipux.de\/blog\/","name":"Huxlipux.de","description":"Kinder-Geschichten Blog f\u00fcr Kinder von 3 bis 99","potentialAction":[{"@type":"SearchAction","target":{"@type":"EntryPoint","urlTemplate":"https:\/\/huxlipux.de\/blog\/?s={search_term_string}"},"query-input":{"@type":"PropertyValueSpecification","valueRequired":true,"valueName":"search_term_string"}}],"inLanguage":"de"},{"@type":"Person","@id":"https:\/\/huxlipux.de\/blog\/#\/schema\/person\/b8c65484f194a2d6f784a4a0e448bcb1","name":"Katrin Schrader","url":"https:\/\/huxlipux.de\/blog\/author\/katrin\/"}]}},"_links":{"self":[{"href":"https:\/\/huxlipux.de\/blog\/wp-json\/wp\/v2\/posts\/30447","targetHints":{"allow":["GET"]}}],"collection":[{"href":"https:\/\/huxlipux.de\/blog\/wp-json\/wp\/v2\/posts"}],"about":[{"href":"https:\/\/huxlipux.de\/blog\/wp-json\/wp\/v2\/types\/post"}],"author":[{"embeddable":true,"href":"https:\/\/huxlipux.de\/blog\/wp-json\/wp\/v2\/users\/5"}],"replies":[{"embeddable":true,"href":"https:\/\/huxlipux.de\/blog\/wp-json\/wp\/v2\/comments?post=30447"}],"version-history":[{"count":2,"href":"https:\/\/huxlipux.de\/blog\/wp-json\/wp\/v2\/posts\/30447\/revisions"}],"predecessor-version":[{"id":30457,"href":"https:\/\/huxlipux.de\/blog\/wp-json\/wp\/v2\/posts\/30447\/revisions\/30457"}],"wp:attachment":[{"href":"https:\/\/huxlipux.de\/blog\/wp-json\/wp\/v2\/media?parent=30447"}],"wp:term":[{"taxonomy":"category","embeddable":true,"href":"https:\/\/huxlipux.de\/blog\/wp-json\/wp\/v2\/categories?post=30447"},{"taxonomy":"post_tag","embeddable":true,"href":"https:\/\/huxlipux.de\/blog\/wp-json\/wp\/v2\/tags?post=30447"}],"curies":[{"name":"wp","href":"https:\/\/api.w.org\/{rel}","templated":true}]}}