{"id":29737,"date":"2018-07-13T19:42:40","date_gmt":"2018-07-13T17:42:40","guid":{"rendered":"http:\/\/huxlipux.de\/blog\/?p=29737"},"modified":"2018-07-13T19:42:40","modified_gmt":"2018-07-13T17:42:40","slug":"oskar-und-die-kretatiere","status":"publish","type":"post","link":"https:\/\/huxlipux.de\/blog\/2018\/07\/oskar-und-die-kretatiere\/","title":{"rendered":"Oskar und die Kretatiere"},"content":{"rendered":"<p>\u00dcberall, wo Oskar Tieren auf Kreta begegnen freut er sich besonders. Er begr\u00fc\u00dfte sie alle, auch die Ziegen, die fr\u00f6hlich zur\u00fcckmeckerten.<\/p>\n<p><a href=\"http:\/\/huxlipux.de\/blog\/wp-content\/uploads\/2018\/07\/image704.jpg\"><img loading=\"lazy\" decoding=\"async\" class=\"alignnone wp-image-29732\" src=\"http:\/\/huxlipux.de\/blog\/wp-content\/uploads\/2018\/07\/image704.jpg\" alt=\"\" width=\"450\" height=\"253\" \/><\/a><\/p>\n<p><a href=\"http:\/\/huxlipux.de\/blog\/wp-content\/uploads\/2018\/07\/image601.jpg\"><img loading=\"lazy\" decoding=\"async\" class=\"alignnone wp-image-29738\" src=\"http:\/\/huxlipux.de\/blog\/wp-content\/uploads\/2018\/07\/image601.jpg\" alt=\"\" width=\"450\" height=\"253\" \/><\/a><\/p>\n<p>Der Esel ist ein Gl\u00fcckstier auf Kreta. Oskar bestellte Gr\u00fc\u00dfe von Dr. Grauohr, dem Arzt von Huxlipux. Schon wurde ihm Creta gebracht, ein Kuscheltiereselchen, Oskar lud es ein, in Huxlipux Urlaub zu machen. Gern sagte die kleine Eselin Creta zu.<\/p>\n<p>&nbsp;<\/p>\n<p><a href=\"http:\/\/huxlipux.de\/blog\/wp-content\/uploads\/2018\/07\/20180713_130839.jpg\"><img loading=\"lazy\" decoding=\"async\" class=\"alignnone wp-image-29739\" src=\"http:\/\/huxlipux.de\/blog\/wp-content\/uploads\/2018\/07\/20180713_130839.jpg\" alt=\"\" width=\"300\" height=\"285\" \/><\/a><\/p>\n<p>Er fotografierte eine kretische Mauereidechse.<\/p>\n<p><a href=\"http:\/\/huxlipux.de\/blog\/wp-content\/uploads\/2018\/07\/Still444.jpg\"><img loading=\"lazy\" decoding=\"async\" class=\"alignnone wp-image-29741\" src=\"http:\/\/huxlipux.de\/blog\/wp-content\/uploads\/2018\/07\/Still444.jpg\" alt=\"\" width=\"450\" height=\"338\" \/><\/a><\/p>\n<p>Die wollte nat\u00fcrlich nicht mit nach Huxlipux kommen.<\/p>\n<p><a href=\"http:\/\/huxlipux.de\/blog\/wp-content\/uploads\/2018\/07\/image1223-1.jpg\"><img loading=\"lazy\" decoding=\"async\" class=\"alignnone wp-image-29742\" src=\"http:\/\/huxlipux.de\/blog\/wp-content\/uploads\/2018\/07\/image1223-1.jpg\" alt=\"\" width=\"450\" height=\"253\" \/><\/a><\/p>\n<p>Schwierig war es, eine Zikade zu fotografieren. Sie und ihre vielen Verwandten machen zwar einen unheimlichen L\u00e4rm, aber sie lassen sich nicht gern anschauen. Ihr besonderer Feind ist die Zwergohreule. Die frisst gern Zikaden. Sie ist die kleinste europ\u00e4ische Eule.<\/p>\n<p><a href=\"http:\/\/huxlipux.de\/blog\/wp-content\/uploads\/2018\/07\/IMG_61771.jpg\"><img loading=\"lazy\" decoding=\"async\" class=\"alignnone wp-image-29743\" src=\"http:\/\/huxlipux.de\/blog\/wp-content\/uploads\/2018\/07\/IMG_61771.jpg\" alt=\"\" width=\"450\" height=\"338\" \/><\/a><\/p>\n<p>&#8222;Dj\u00fc&#8220; sang sie ganze N\u00e4chte hindurch. Oskar st\u00f6rte das\u00a0nicht sehr, aber Karin konnte nicht schlafen bei diesen T\u00f6nen und musste das Fenster schlie\u00dfen.<\/p>\n","protected":false},"excerpt":{"rendered":"<p class=\"excerpt\">\u00dcberall, wo Oskar Tieren auf Kreta begegnen freut er sich besonders. Er begr\u00fc\u00dfte sie alle, auch die Ziegen, die fr\u00f6hlich zur\u00fcckmeckerten. Der Esel ist ein Gl\u00fcckstier auf Kreta. Oskar bestellte&hellip; <span class=\"more-link\">more<\/span><\/p>\n","protected":false},"author":5,"featured_media":0,"comment_status":"open","ping_status":"open","sticky":false,"template":"","format":"standard","meta":{"footnotes":""},"categories":[1],"tags":[],"class_list":["post-29737","post","type-post","status-publish","format-standard","hentry","category-hasenoma"],"yoast_head":"<!-- This site is optimized with the Yoast SEO plugin v26.9 - https:\/\/yoast.com\/product\/yoast-seo-wordpress\/ -->\n<title>Oskar und die Kretatiere - Huxlipux.de<\/title>\n<meta name=\"robots\" content=\"index, follow, max-snippet:-1, max-image-preview:large, max-video-preview:-1\" \/>\n<link rel=\"canonical\" href=\"https:\/\/huxlipux.de\/blog\/2018\/07\/oskar-und-die-kretatiere\/\" \/>\n<meta property=\"og:locale\" content=\"de_DE\" \/>\n<meta property=\"og:type\" content=\"article\" \/>\n<meta property=\"og:title\" content=\"Oskar und die Kretatiere - Huxlipux.de\" \/>\n<meta property=\"og:description\" content=\"\u00dcberall, wo Oskar Tieren auf Kreta begegnen freut er sich besonders. Er begr\u00fc\u00dfte sie alle, auch die Ziegen, die fr\u00f6hlich zur\u00fcckmeckerten. Der Esel ist ein Gl\u00fcckstier auf Kreta. Oskar bestellte&hellip; more\" \/>\n<meta property=\"og:url\" content=\"https:\/\/huxlipux.de\/blog\/2018\/07\/oskar-und-die-kretatiere\/\" \/>\n<meta property=\"og:site_name\" content=\"Huxlipux.de\" \/>\n<meta property=\"article:published_time\" content=\"2018-07-13T17:42:40+00:00\" \/>\n<meta property=\"og:image\" content=\"https:\/\/huxlipux.de\/blog\/wp-content\/uploads\/2018\/07\/image704.jpg\" \/>\n\t<meta property=\"og:image:width\" content=\"1024\" \/>\n\t<meta property=\"og:image:height\" content=\"575\" \/>\n\t<meta property=\"og:image:type\" content=\"image\/jpeg\" \/>\n<meta name=\"author\" content=\"Katrin Schrader\" \/>\n<meta name=\"twitter:label1\" content=\"Verfasst von\" \/>\n\t<meta name=\"twitter:data1\" content=\"Katrin Schrader\" \/>\n\t<meta name=\"twitter:label2\" content=\"Gesch\u00e4tzte Lesezeit\" \/>\n\t<meta name=\"twitter:data2\" content=\"1\u00a0Minute\" \/>\n<script type=\"application\/ld+json\" class=\"yoast-schema-graph\">{\"@context\":\"https:\/\/schema.org\",\"@graph\":[{\"@type\":\"Article\",\"@id\":\"https:\/\/huxlipux.de\/blog\/2018\/07\/oskar-und-die-kretatiere\/#article\",\"isPartOf\":{\"@id\":\"https:\/\/huxlipux.de\/blog\/2018\/07\/oskar-und-die-kretatiere\/\"},\"author\":{\"name\":\"Katrin Schrader\",\"@id\":\"https:\/\/huxlipux.de\/blog\/#\/schema\/person\/b8c65484f194a2d6f784a4a0e448bcb1\"},\"headline\":\"Oskar und die Kretatiere\",\"datePublished\":\"2018-07-13T17:42:40+00:00\",\"mainEntityOfPage\":{\"@id\":\"https:\/\/huxlipux.de\/blog\/2018\/07\/oskar-und-die-kretatiere\/\"},\"wordCount\":155,\"commentCount\":0,\"image\":{\"@id\":\"https:\/\/huxlipux.de\/blog\/2018\/07\/oskar-und-die-kretatiere\/#primaryimage\"},\"thumbnailUrl\":\"http:\/\/huxlipux.de\/blog\/wp-content\/uploads\/2018\/07\/image704.jpg\",\"articleSection\":[\"Hasenoma und ihre Freunde\"],\"inLanguage\":\"de\",\"potentialAction\":[{\"@type\":\"CommentAction\",\"name\":\"Comment\",\"target\":[\"https:\/\/huxlipux.de\/blog\/2018\/07\/oskar-und-die-kretatiere\/#respond\"]}]},{\"@type\":\"WebPage\",\"@id\":\"https:\/\/huxlipux.de\/blog\/2018\/07\/oskar-und-die-kretatiere\/\",\"url\":\"https:\/\/huxlipux.de\/blog\/2018\/07\/oskar-und-die-kretatiere\/\",\"name\":\"Oskar und die Kretatiere - Huxlipux.de\",\"isPartOf\":{\"@id\":\"https:\/\/huxlipux.de\/blog\/#website\"},\"primaryImageOfPage\":{\"@id\":\"https:\/\/huxlipux.de\/blog\/2018\/07\/oskar-und-die-kretatiere\/#primaryimage\"},\"image\":{\"@id\":\"https:\/\/huxlipux.de\/blog\/2018\/07\/oskar-und-die-kretatiere\/#primaryimage\"},\"thumbnailUrl\":\"http:\/\/huxlipux.de\/blog\/wp-content\/uploads\/2018\/07\/image704.jpg\",\"datePublished\":\"2018-07-13T17:42:40+00:00\",\"author\":{\"@id\":\"https:\/\/huxlipux.de\/blog\/#\/schema\/person\/b8c65484f194a2d6f784a4a0e448bcb1\"},\"breadcrumb\":{\"@id\":\"https:\/\/huxlipux.de\/blog\/2018\/07\/oskar-und-die-kretatiere\/#breadcrumb\"},\"inLanguage\":\"de\",\"potentialAction\":[{\"@type\":\"ReadAction\",\"target\":[\"https:\/\/huxlipux.de\/blog\/2018\/07\/oskar-und-die-kretatiere\/\"]}]},{\"@type\":\"ImageObject\",\"inLanguage\":\"de\",\"@id\":\"https:\/\/huxlipux.de\/blog\/2018\/07\/oskar-und-die-kretatiere\/#primaryimage\",\"url\":\"http:\/\/huxlipux.de\/blog\/wp-content\/uploads\/2018\/07\/image704.jpg\",\"contentUrl\":\"http:\/\/huxlipux.de\/blog\/wp-content\/uploads\/2018\/07\/image704.jpg\"},{\"@type\":\"BreadcrumbList\",\"@id\":\"https:\/\/huxlipux.de\/blog\/2018\/07\/oskar-und-die-kretatiere\/#breadcrumb\",\"itemListElement\":[{\"@type\":\"ListItem\",\"position\":1,\"name\":\"Home\",\"item\":\"https:\/\/huxlipux.de\/blog\/\"},{\"@type\":\"ListItem\",\"position\":2,\"name\":\"Oskar und die Kretatiere\"}]},{\"@type\":\"WebSite\",\"@id\":\"https:\/\/huxlipux.de\/blog\/#website\",\"url\":\"https:\/\/huxlipux.de\/blog\/\",\"name\":\"Huxlipux.de\",\"description\":\"Kinder-Geschichten Blog f\u00fcr Kinder von 3 bis 99\",\"potentialAction\":[{\"@type\":\"SearchAction\",\"target\":{\"@type\":\"EntryPoint\",\"urlTemplate\":\"https:\/\/huxlipux.de\/blog\/?s={search_term_string}\"},\"query-input\":{\"@type\":\"PropertyValueSpecification\",\"valueRequired\":true,\"valueName\":\"search_term_string\"}}],\"inLanguage\":\"de\"},{\"@type\":\"Person\",\"@id\":\"https:\/\/huxlipux.de\/blog\/#\/schema\/person\/b8c65484f194a2d6f784a4a0e448bcb1\",\"name\":\"Katrin Schrader\",\"url\":\"https:\/\/huxlipux.de\/blog\/author\/katrin\/\"}]}<\/script>\n<!-- \/ Yoast SEO plugin. -->","yoast_head_json":{"title":"Oskar und die Kretatiere - Huxlipux.de","robots":{"index":"index","follow":"follow","max-snippet":"max-snippet:-1","max-image-preview":"max-image-preview:large","max-video-preview":"max-video-preview:-1"},"canonical":"https:\/\/huxlipux.de\/blog\/2018\/07\/oskar-und-die-kretatiere\/","og_locale":"de_DE","og_type":"article","og_title":"Oskar und die Kretatiere - Huxlipux.de","og_description":"\u00dcberall, wo Oskar Tieren auf Kreta begegnen freut er sich besonders. Er begr\u00fc\u00dfte sie alle, auch die Ziegen, die fr\u00f6hlich zur\u00fcckmeckerten. Der Esel ist ein Gl\u00fcckstier auf Kreta. Oskar bestellte&hellip; more","og_url":"https:\/\/huxlipux.de\/blog\/2018\/07\/oskar-und-die-kretatiere\/","og_site_name":"Huxlipux.de","article_published_time":"2018-07-13T17:42:40+00:00","og_image":[{"width":1024,"height":575,"url":"https:\/\/huxlipux.de\/blog\/wp-content\/uploads\/2018\/07\/image704.jpg","type":"image\/jpeg"}],"author":"Katrin Schrader","twitter_misc":{"Verfasst von":"Katrin Schrader","Gesch\u00e4tzte Lesezeit":"1\u00a0Minute"},"schema":{"@context":"https:\/\/schema.org","@graph":[{"@type":"Article","@id":"https:\/\/huxlipux.de\/blog\/2018\/07\/oskar-und-die-kretatiere\/#article","isPartOf":{"@id":"https:\/\/huxlipux.de\/blog\/2018\/07\/oskar-und-die-kretatiere\/"},"author":{"name":"Katrin Schrader","@id":"https:\/\/huxlipux.de\/blog\/#\/schema\/person\/b8c65484f194a2d6f784a4a0e448bcb1"},"headline":"Oskar und die Kretatiere","datePublished":"2018-07-13T17:42:40+00:00","mainEntityOfPage":{"@id":"https:\/\/huxlipux.de\/blog\/2018\/07\/oskar-und-die-kretatiere\/"},"wordCount":155,"commentCount":0,"image":{"@id":"https:\/\/huxlipux.de\/blog\/2018\/07\/oskar-und-die-kretatiere\/#primaryimage"},"thumbnailUrl":"http:\/\/huxlipux.de\/blog\/wp-content\/uploads\/2018\/07\/image704.jpg","articleSection":["Hasenoma und ihre Freunde"],"inLanguage":"de","potentialAction":[{"@type":"CommentAction","name":"Comment","target":["https:\/\/huxlipux.de\/blog\/2018\/07\/oskar-und-die-kretatiere\/#respond"]}]},{"@type":"WebPage","@id":"https:\/\/huxlipux.de\/blog\/2018\/07\/oskar-und-die-kretatiere\/","url":"https:\/\/huxlipux.de\/blog\/2018\/07\/oskar-und-die-kretatiere\/","name":"Oskar und die Kretatiere - Huxlipux.de","isPartOf":{"@id":"https:\/\/huxlipux.de\/blog\/#website"},"primaryImageOfPage":{"@id":"https:\/\/huxlipux.de\/blog\/2018\/07\/oskar-und-die-kretatiere\/#primaryimage"},"image":{"@id":"https:\/\/huxlipux.de\/blog\/2018\/07\/oskar-und-die-kretatiere\/#primaryimage"},"thumbnailUrl":"http:\/\/huxlipux.de\/blog\/wp-content\/uploads\/2018\/07\/image704.jpg","datePublished":"2018-07-13T17:42:40+00:00","author":{"@id":"https:\/\/huxlipux.de\/blog\/#\/schema\/person\/b8c65484f194a2d6f784a4a0e448bcb1"},"breadcrumb":{"@id":"https:\/\/huxlipux.de\/blog\/2018\/07\/oskar-und-die-kretatiere\/#breadcrumb"},"inLanguage":"de","potentialAction":[{"@type":"ReadAction","target":["https:\/\/huxlipux.de\/blog\/2018\/07\/oskar-und-die-kretatiere\/"]}]},{"@type":"ImageObject","inLanguage":"de","@id":"https:\/\/huxlipux.de\/blog\/2018\/07\/oskar-und-die-kretatiere\/#primaryimage","url":"http:\/\/huxlipux.de\/blog\/wp-content\/uploads\/2018\/07\/image704.jpg","contentUrl":"http:\/\/huxlipux.de\/blog\/wp-content\/uploads\/2018\/07\/image704.jpg"},{"@type":"BreadcrumbList","@id":"https:\/\/huxlipux.de\/blog\/2018\/07\/oskar-und-die-kretatiere\/#breadcrumb","itemListElement":[{"@type":"ListItem","position":1,"name":"Home","item":"https:\/\/huxlipux.de\/blog\/"},{"@type":"ListItem","position":2,"name":"Oskar und die Kretatiere"}]},{"@type":"WebSite","@id":"https:\/\/huxlipux.de\/blog\/#website","url":"https:\/\/huxlipux.de\/blog\/","name":"Huxlipux.de","description":"Kinder-Geschichten Blog f\u00fcr Kinder von 3 bis 99","potentialAction":[{"@type":"SearchAction","target":{"@type":"EntryPoint","urlTemplate":"https:\/\/huxlipux.de\/blog\/?s={search_term_string}"},"query-input":{"@type":"PropertyValueSpecification","valueRequired":true,"valueName":"search_term_string"}}],"inLanguage":"de"},{"@type":"Person","@id":"https:\/\/huxlipux.de\/blog\/#\/schema\/person\/b8c65484f194a2d6f784a4a0e448bcb1","name":"Katrin Schrader","url":"https:\/\/huxlipux.de\/blog\/author\/katrin\/"}]}},"_links":{"self":[{"href":"https:\/\/huxlipux.de\/blog\/wp-json\/wp\/v2\/posts\/29737","targetHints":{"allow":["GET"]}}],"collection":[{"href":"https:\/\/huxlipux.de\/blog\/wp-json\/wp\/v2\/posts"}],"about":[{"href":"https:\/\/huxlipux.de\/blog\/wp-json\/wp\/v2\/types\/post"}],"author":[{"embeddable":true,"href":"https:\/\/huxlipux.de\/blog\/wp-json\/wp\/v2\/users\/5"}],"replies":[{"embeddable":true,"href":"https:\/\/huxlipux.de\/blog\/wp-json\/wp\/v2\/comments?post=29737"}],"version-history":[{"count":2,"href":"https:\/\/huxlipux.de\/blog\/wp-json\/wp\/v2\/posts\/29737\/revisions"}],"predecessor-version":[{"id":29745,"href":"https:\/\/huxlipux.de\/blog\/wp-json\/wp\/v2\/posts\/29737\/revisions\/29745"}],"wp:attachment":[{"href":"https:\/\/huxlipux.de\/blog\/wp-json\/wp\/v2\/media?parent=29737"}],"wp:term":[{"taxonomy":"category","embeddable":true,"href":"https:\/\/huxlipux.de\/blog\/wp-json\/wp\/v2\/categories?post=29737"},{"taxonomy":"post_tag","embeddable":true,"href":"https:\/\/huxlipux.de\/blog\/wp-json\/wp\/v2\/tags?post=29737"}],"curies":[{"name":"wp","href":"https:\/\/api.w.org\/{rel}","templated":true}]}}