{"id":28339,"date":"2017-10-31T09:11:14","date_gmt":"2017-10-31T08:11:14","guid":{"rendered":"http:\/\/huxlipux.de\/blog\/?p=28339"},"modified":"2017-10-31T09:28:13","modified_gmt":"2017-10-31T08:28:13","slug":"wer-fliegt-mit-nach-florida","status":"publish","type":"post","link":"https:\/\/huxlipux.de\/blog\/2017\/10\/wer-fliegt-mit-nach-florida\/","title":{"rendered":"Wer fliegt mit nach Florida?"},"content":{"rendered":"<p>Sunny ist sehr gespannt, wen die Huxlipux- Gemeinschaft mit auf die Reise schicken wird. Hoffentlich gibt es keinen Streit unter den Bewohnern. Aufgeregt lauscht der kleine Flamingo auf jedes Klingeln. Aber noch ist niemand angekommen. So unterh\u00e4lt er sich noch einen Moment mit Julia und Alejandro, den beiden Musikern, die Katrin im letzten Jahr aus aus dem Urlaub in Cuba mitgebracht hat. Sie singen und tanzen zusammen das bekannte Lied &#8222;Guantanamera&#8220;.<\/p>\n<p><a href=\"http:\/\/huxlipux.de\/blog\/wp-content\/uploads\/2017\/10\/IMG_2493.jpg\"><img loading=\"lazy\" decoding=\"async\" class=\"wp-image-28340 aligncenter\" src=\"http:\/\/huxlipux.de\/blog\/wp-content\/uploads\/2017\/10\/IMG_2493.jpg\" alt=\"\" width=\"318\" height=\"238\" \/><\/a><\/p>\n<p>Sie singen so laut, dass sie die Klingel nicht h\u00f6ren. &#8222;Hallo!&#8220;, ruft eine feine Stimme. Wer ist das? Sunny fliegt zur T\u00fcr. &#8222;Was machst du hier?, fragt er. &#8222;Ich bin Lilli, deine Reisebegleiterin,&#8220; sagt die Kleine. &#8222;Du tr\u00e4gst ja die gleichen Farben, wie ich,&#8220;freut sich Sunny. &#8222;Ich liebe Rosa&#8220; . &#8222;Ich auch,&#8220; erwidert Lilli. <a href=\"http:\/\/huxlipux.de\/blog\/wp-content\/uploads\/2017\/10\/IMG_2496-2.jpg\"><img loading=\"lazy\" decoding=\"async\" class=\"wp-image-28343 aligncenter\" src=\"http:\/\/huxlipux.de\/blog\/wp-content\/uploads\/2017\/10\/IMG_2496-2.jpg\" alt=\"\" width=\"344\" height=\"344\" \/><\/a><\/p>\n<p>Sunny f\u00fchrt Lilly ins Zimmer und macht sie mit Julia und Alejandro bekannt. Die beiden wohnen in Cuba, das ist ganz in der N\u00e4he von Florida, erz\u00e4hlt er. &#8222;Und bis zu unserer Abreise machen wir hier zusammen noch ein wenig Musik, damit die Zeit nicht so lang wird.&#8220;<\/p>\n<p><a href=\"http:\/\/huxlipux.de\/blog\/wp-content\/uploads\/2017\/10\/IMG_2495.jpg\"><img loading=\"lazy\" decoding=\"async\" class=\"wp-image-28341 aligncenter\" src=\"http:\/\/huxlipux.de\/blog\/wp-content\/uploads\/2017\/10\/IMG_2495.jpg\" alt=\"\" width=\"335\" height=\"251\" \/><\/a><\/p>\n<p>&nbsp;<\/p>\n<p>&nbsp;<\/p>\n<p>&nbsp;<\/p>\n<p>&nbsp;<\/p>\n<p>&nbsp;<\/p>\n<p>&nbsp;<\/p>\n<p>&nbsp;<\/p>\n<p>&nbsp;<\/p>\n<p>&nbsp;<\/p>\n<p>.<\/p>\n","protected":false},"excerpt":{"rendered":"<p class=\"excerpt\">Sunny ist sehr gespannt, wen die Huxlipux- Gemeinschaft mit auf die Reise schicken wird. Hoffentlich gibt es keinen Streit unter den Bewohnern. Aufgeregt lauscht der kleine Flamingo auf jedes Klingeln.&hellip; <span class=\"more-link\">more<\/span><\/p>\n","protected":false},"author":5,"featured_media":0,"comment_status":"open","ping_status":"open","sticky":false,"template":"","format":"standard","meta":{"footnotes":""},"categories":[22],"tags":[],"class_list":["post-28339","post","type-post","status-publish","format-standard","hentry","category-reisen"],"yoast_head":"<!-- This site is optimized with the Yoast SEO plugin v26.9 - https:\/\/yoast.com\/product\/yoast-seo-wordpress\/ -->\n<title>Wer fliegt mit nach Florida? - Huxlipux.de<\/title>\n<meta name=\"robots\" content=\"index, follow, max-snippet:-1, max-image-preview:large, max-video-preview:-1\" \/>\n<link rel=\"canonical\" href=\"https:\/\/huxlipux.de\/blog\/2017\/10\/wer-fliegt-mit-nach-florida\/\" \/>\n<meta property=\"og:locale\" content=\"de_DE\" \/>\n<meta property=\"og:type\" content=\"article\" \/>\n<meta property=\"og:title\" content=\"Wer fliegt mit nach Florida? - Huxlipux.de\" \/>\n<meta property=\"og:description\" content=\"Sunny ist sehr gespannt, wen die Huxlipux- Gemeinschaft mit auf die Reise schicken wird. Hoffentlich gibt es keinen Streit unter den Bewohnern. Aufgeregt lauscht der kleine Flamingo auf jedes Klingeln.&hellip; more\" \/>\n<meta property=\"og:url\" content=\"https:\/\/huxlipux.de\/blog\/2017\/10\/wer-fliegt-mit-nach-florida\/\" \/>\n<meta property=\"og:site_name\" content=\"Huxlipux.de\" \/>\n<meta property=\"article:published_time\" content=\"2017-10-31T08:11:14+00:00\" \/>\n<meta property=\"article:modified_time\" content=\"2017-10-31T08:28:13+00:00\" \/>\n<meta property=\"og:image\" content=\"https:\/\/huxlipux.de\/blog\/wp-content\/uploads\/2017\/10\/IMG_2493.jpg\" \/>\n\t<meta property=\"og:image:width\" content=\"1024\" \/>\n\t<meta property=\"og:image:height\" content=\"768\" \/>\n\t<meta property=\"og:image:type\" content=\"image\/jpeg\" \/>\n<meta name=\"author\" content=\"Katrin Schrader\" \/>\n<meta name=\"twitter:label1\" content=\"Verfasst von\" \/>\n\t<meta name=\"twitter:data1\" content=\"Katrin Schrader\" \/>\n\t<meta name=\"twitter:label2\" content=\"Gesch\u00e4tzte Lesezeit\" \/>\n\t<meta name=\"twitter:data2\" content=\"1\u00a0Minute\" \/>\n<script type=\"application\/ld+json\" class=\"yoast-schema-graph\">{\"@context\":\"https:\/\/schema.org\",\"@graph\":[{\"@type\":\"Article\",\"@id\":\"https:\/\/huxlipux.de\/blog\/2017\/10\/wer-fliegt-mit-nach-florida\/#article\",\"isPartOf\":{\"@id\":\"https:\/\/huxlipux.de\/blog\/2017\/10\/wer-fliegt-mit-nach-florida\/\"},\"author\":{\"name\":\"Katrin Schrader\",\"@id\":\"https:\/\/huxlipux.de\/blog\/#\/schema\/person\/b8c65484f194a2d6f784a4a0e448bcb1\"},\"headline\":\"Wer fliegt mit nach Florida?\",\"datePublished\":\"2017-10-31T08:11:14+00:00\",\"dateModified\":\"2017-10-31T08:28:13+00:00\",\"mainEntityOfPage\":{\"@id\":\"https:\/\/huxlipux.de\/blog\/2017\/10\/wer-fliegt-mit-nach-florida\/\"},\"wordCount\":194,\"commentCount\":0,\"image\":{\"@id\":\"https:\/\/huxlipux.de\/blog\/2017\/10\/wer-fliegt-mit-nach-florida\/#primaryimage\"},\"thumbnailUrl\":\"http:\/\/huxlipux.de\/blog\/wp-content\/uploads\/2017\/10\/IMG_2493.jpg\",\"articleSection\":[\"Reisen\"],\"inLanguage\":\"de\",\"potentialAction\":[{\"@type\":\"CommentAction\",\"name\":\"Comment\",\"target\":[\"https:\/\/huxlipux.de\/blog\/2017\/10\/wer-fliegt-mit-nach-florida\/#respond\"]}]},{\"@type\":\"WebPage\",\"@id\":\"https:\/\/huxlipux.de\/blog\/2017\/10\/wer-fliegt-mit-nach-florida\/\",\"url\":\"https:\/\/huxlipux.de\/blog\/2017\/10\/wer-fliegt-mit-nach-florida\/\",\"name\":\"Wer fliegt mit nach Florida? - Huxlipux.de\",\"isPartOf\":{\"@id\":\"https:\/\/huxlipux.de\/blog\/#website\"},\"primaryImageOfPage\":{\"@id\":\"https:\/\/huxlipux.de\/blog\/2017\/10\/wer-fliegt-mit-nach-florida\/#primaryimage\"},\"image\":{\"@id\":\"https:\/\/huxlipux.de\/blog\/2017\/10\/wer-fliegt-mit-nach-florida\/#primaryimage\"},\"thumbnailUrl\":\"http:\/\/huxlipux.de\/blog\/wp-content\/uploads\/2017\/10\/IMG_2493.jpg\",\"datePublished\":\"2017-10-31T08:11:14+00:00\",\"dateModified\":\"2017-10-31T08:28:13+00:00\",\"author\":{\"@id\":\"https:\/\/huxlipux.de\/blog\/#\/schema\/person\/b8c65484f194a2d6f784a4a0e448bcb1\"},\"breadcrumb\":{\"@id\":\"https:\/\/huxlipux.de\/blog\/2017\/10\/wer-fliegt-mit-nach-florida\/#breadcrumb\"},\"inLanguage\":\"de\",\"potentialAction\":[{\"@type\":\"ReadAction\",\"target\":[\"https:\/\/huxlipux.de\/blog\/2017\/10\/wer-fliegt-mit-nach-florida\/\"]}]},{\"@type\":\"ImageObject\",\"inLanguage\":\"de\",\"@id\":\"https:\/\/huxlipux.de\/blog\/2017\/10\/wer-fliegt-mit-nach-florida\/#primaryimage\",\"url\":\"http:\/\/huxlipux.de\/blog\/wp-content\/uploads\/2017\/10\/IMG_2493.jpg\",\"contentUrl\":\"http:\/\/huxlipux.de\/blog\/wp-content\/uploads\/2017\/10\/IMG_2493.jpg\"},{\"@type\":\"BreadcrumbList\",\"@id\":\"https:\/\/huxlipux.de\/blog\/2017\/10\/wer-fliegt-mit-nach-florida\/#breadcrumb\",\"itemListElement\":[{\"@type\":\"ListItem\",\"position\":1,\"name\":\"Home\",\"item\":\"https:\/\/huxlipux.de\/blog\/\"},{\"@type\":\"ListItem\",\"position\":2,\"name\":\"Wer fliegt mit nach Florida?\"}]},{\"@type\":\"WebSite\",\"@id\":\"https:\/\/huxlipux.de\/blog\/#website\",\"url\":\"https:\/\/huxlipux.de\/blog\/\",\"name\":\"Huxlipux.de\",\"description\":\"Kinder-Geschichten Blog f\u00fcr Kinder von 3 bis 99\",\"potentialAction\":[{\"@type\":\"SearchAction\",\"target\":{\"@type\":\"EntryPoint\",\"urlTemplate\":\"https:\/\/huxlipux.de\/blog\/?s={search_term_string}\"},\"query-input\":{\"@type\":\"PropertyValueSpecification\",\"valueRequired\":true,\"valueName\":\"search_term_string\"}}],\"inLanguage\":\"de\"},{\"@type\":\"Person\",\"@id\":\"https:\/\/huxlipux.de\/blog\/#\/schema\/person\/b8c65484f194a2d6f784a4a0e448bcb1\",\"name\":\"Katrin Schrader\",\"url\":\"https:\/\/huxlipux.de\/blog\/author\/katrin\/\"}]}<\/script>\n<!-- \/ Yoast SEO plugin. -->","yoast_head_json":{"title":"Wer fliegt mit nach Florida? - Huxlipux.de","robots":{"index":"index","follow":"follow","max-snippet":"max-snippet:-1","max-image-preview":"max-image-preview:large","max-video-preview":"max-video-preview:-1"},"canonical":"https:\/\/huxlipux.de\/blog\/2017\/10\/wer-fliegt-mit-nach-florida\/","og_locale":"de_DE","og_type":"article","og_title":"Wer fliegt mit nach Florida? - Huxlipux.de","og_description":"Sunny ist sehr gespannt, wen die Huxlipux- Gemeinschaft mit auf die Reise schicken wird. Hoffentlich gibt es keinen Streit unter den Bewohnern. Aufgeregt lauscht der kleine Flamingo auf jedes Klingeln.&hellip; more","og_url":"https:\/\/huxlipux.de\/blog\/2017\/10\/wer-fliegt-mit-nach-florida\/","og_site_name":"Huxlipux.de","article_published_time":"2017-10-31T08:11:14+00:00","article_modified_time":"2017-10-31T08:28:13+00:00","og_image":[{"width":1024,"height":768,"url":"https:\/\/huxlipux.de\/blog\/wp-content\/uploads\/2017\/10\/IMG_2493.jpg","type":"image\/jpeg"}],"author":"Katrin Schrader","twitter_misc":{"Verfasst von":"Katrin Schrader","Gesch\u00e4tzte Lesezeit":"1\u00a0Minute"},"schema":{"@context":"https:\/\/schema.org","@graph":[{"@type":"Article","@id":"https:\/\/huxlipux.de\/blog\/2017\/10\/wer-fliegt-mit-nach-florida\/#article","isPartOf":{"@id":"https:\/\/huxlipux.de\/blog\/2017\/10\/wer-fliegt-mit-nach-florida\/"},"author":{"name":"Katrin Schrader","@id":"https:\/\/huxlipux.de\/blog\/#\/schema\/person\/b8c65484f194a2d6f784a4a0e448bcb1"},"headline":"Wer fliegt mit nach Florida?","datePublished":"2017-10-31T08:11:14+00:00","dateModified":"2017-10-31T08:28:13+00:00","mainEntityOfPage":{"@id":"https:\/\/huxlipux.de\/blog\/2017\/10\/wer-fliegt-mit-nach-florida\/"},"wordCount":194,"commentCount":0,"image":{"@id":"https:\/\/huxlipux.de\/blog\/2017\/10\/wer-fliegt-mit-nach-florida\/#primaryimage"},"thumbnailUrl":"http:\/\/huxlipux.de\/blog\/wp-content\/uploads\/2017\/10\/IMG_2493.jpg","articleSection":["Reisen"],"inLanguage":"de","potentialAction":[{"@type":"CommentAction","name":"Comment","target":["https:\/\/huxlipux.de\/blog\/2017\/10\/wer-fliegt-mit-nach-florida\/#respond"]}]},{"@type":"WebPage","@id":"https:\/\/huxlipux.de\/blog\/2017\/10\/wer-fliegt-mit-nach-florida\/","url":"https:\/\/huxlipux.de\/blog\/2017\/10\/wer-fliegt-mit-nach-florida\/","name":"Wer fliegt mit nach Florida? - Huxlipux.de","isPartOf":{"@id":"https:\/\/huxlipux.de\/blog\/#website"},"primaryImageOfPage":{"@id":"https:\/\/huxlipux.de\/blog\/2017\/10\/wer-fliegt-mit-nach-florida\/#primaryimage"},"image":{"@id":"https:\/\/huxlipux.de\/blog\/2017\/10\/wer-fliegt-mit-nach-florida\/#primaryimage"},"thumbnailUrl":"http:\/\/huxlipux.de\/blog\/wp-content\/uploads\/2017\/10\/IMG_2493.jpg","datePublished":"2017-10-31T08:11:14+00:00","dateModified":"2017-10-31T08:28:13+00:00","author":{"@id":"https:\/\/huxlipux.de\/blog\/#\/schema\/person\/b8c65484f194a2d6f784a4a0e448bcb1"},"breadcrumb":{"@id":"https:\/\/huxlipux.de\/blog\/2017\/10\/wer-fliegt-mit-nach-florida\/#breadcrumb"},"inLanguage":"de","potentialAction":[{"@type":"ReadAction","target":["https:\/\/huxlipux.de\/blog\/2017\/10\/wer-fliegt-mit-nach-florida\/"]}]},{"@type":"ImageObject","inLanguage":"de","@id":"https:\/\/huxlipux.de\/blog\/2017\/10\/wer-fliegt-mit-nach-florida\/#primaryimage","url":"http:\/\/huxlipux.de\/blog\/wp-content\/uploads\/2017\/10\/IMG_2493.jpg","contentUrl":"http:\/\/huxlipux.de\/blog\/wp-content\/uploads\/2017\/10\/IMG_2493.jpg"},{"@type":"BreadcrumbList","@id":"https:\/\/huxlipux.de\/blog\/2017\/10\/wer-fliegt-mit-nach-florida\/#breadcrumb","itemListElement":[{"@type":"ListItem","position":1,"name":"Home","item":"https:\/\/huxlipux.de\/blog\/"},{"@type":"ListItem","position":2,"name":"Wer fliegt mit nach Florida?"}]},{"@type":"WebSite","@id":"https:\/\/huxlipux.de\/blog\/#website","url":"https:\/\/huxlipux.de\/blog\/","name":"Huxlipux.de","description":"Kinder-Geschichten Blog f\u00fcr Kinder von 3 bis 99","potentialAction":[{"@type":"SearchAction","target":{"@type":"EntryPoint","urlTemplate":"https:\/\/huxlipux.de\/blog\/?s={search_term_string}"},"query-input":{"@type":"PropertyValueSpecification","valueRequired":true,"valueName":"search_term_string"}}],"inLanguage":"de"},{"@type":"Person","@id":"https:\/\/huxlipux.de\/blog\/#\/schema\/person\/b8c65484f194a2d6f784a4a0e448bcb1","name":"Katrin Schrader","url":"https:\/\/huxlipux.de\/blog\/author\/katrin\/"}]}},"_links":{"self":[{"href":"https:\/\/huxlipux.de\/blog\/wp-json\/wp\/v2\/posts\/28339","targetHints":{"allow":["GET"]}}],"collection":[{"href":"https:\/\/huxlipux.de\/blog\/wp-json\/wp\/v2\/posts"}],"about":[{"href":"https:\/\/huxlipux.de\/blog\/wp-json\/wp\/v2\/types\/post"}],"author":[{"embeddable":true,"href":"https:\/\/huxlipux.de\/blog\/wp-json\/wp\/v2\/users\/5"}],"replies":[{"embeddable":true,"href":"https:\/\/huxlipux.de\/blog\/wp-json\/wp\/v2\/comments?post=28339"}],"version-history":[{"count":4,"href":"https:\/\/huxlipux.de\/blog\/wp-json\/wp\/v2\/posts\/28339\/revisions"}],"predecessor-version":[{"id":28347,"href":"https:\/\/huxlipux.de\/blog\/wp-json\/wp\/v2\/posts\/28339\/revisions\/28347"}],"wp:attachment":[{"href":"https:\/\/huxlipux.de\/blog\/wp-json\/wp\/v2\/media?parent=28339"}],"wp:term":[{"taxonomy":"category","embeddable":true,"href":"https:\/\/huxlipux.de\/blog\/wp-json\/wp\/v2\/categories?post=28339"},{"taxonomy":"post_tag","embeddable":true,"href":"https:\/\/huxlipux.de\/blog\/wp-json\/wp\/v2\/tags?post=28339"}],"curies":[{"name":"wp","href":"https:\/\/api.w.org\/{rel}","templated":true}]}}