{"id":27875,"date":"2017-08-28T10:55:22","date_gmt":"2017-08-28T08:55:22","guid":{"rendered":"http:\/\/huxlipux.de\/blog\/?p=27875"},"modified":"2017-08-28T10:55:22","modified_gmt":"2017-08-28T08:55:22","slug":"vom-sommer-im-winter","status":"publish","type":"post","link":"https:\/\/huxlipux.de\/blog\/2017\/08\/vom-sommer-im-winter\/","title":{"rendered":"Vom Sommer im Winter"},"content":{"rendered":"<p>Ich hab was Sch\u00f6nes f\u00fcr den Garten besorgt, Karl.<\/p>\n<p><img loading=\"lazy\" decoding=\"async\" class=\"aligncenter size-medium wp-image-27899\" src=\"http:\/\/huxlipux.de\/blog\/wp-content\/uploads\/2017\/08\/Still0395-300x225.jpg\" alt=\"Still039(5)\" width=\"300\" height=\"225\" srcset=\"https:\/\/huxlipux.de\/blog\/wp-content\/uploads\/2017\/08\/Still0395-300x225.jpg 300w, https:\/\/huxlipux.de\/blog\/wp-content\/uploads\/2017\/08\/Still0395-768x576.jpg 768w, https:\/\/huxlipux.de\/blog\/wp-content\/uploads\/2017\/08\/Still0395.jpg 1024w, https:\/\/huxlipux.de\/blog\/wp-content\/uploads\/2017\/08\/Still0395-350x263.jpg 350w\" sizes=\"auto, (max-width: 300px) 100vw, 300px\" \/>&#8222;Was, liebe Frau? Der Garten ist doch schon voller Bl\u00fctenpracht.&#8220;<\/p>\n<p><img loading=\"lazy\" decoding=\"async\" class=\"aligncenter size-medium wp-image-27900\" src=\"http:\/\/huxlipux.de\/blog\/wp-content\/uploads\/2017\/08\/Still0631-300x225.jpg\" alt=\"Still063(1)\" width=\"300\" height=\"225\" srcset=\"https:\/\/huxlipux.de\/blog\/wp-content\/uploads\/2017\/08\/Still0631-300x225.jpg 300w, https:\/\/huxlipux.de\/blog\/wp-content\/uploads\/2017\/08\/Still0631-768x576.jpg 768w, https:\/\/huxlipux.de\/blog\/wp-content\/uploads\/2017\/08\/Still0631.jpg 1024w, https:\/\/huxlipux.de\/blog\/wp-content\/uploads\/2017\/08\/Still0631-350x263.jpg 350w\" sizes=\"auto, (max-width: 300px) 100vw, 300px\" \/>Das ist eine Skabiose. Opa Karl findet die Farbe sehr sch\u00f6n. Das wird ein neuer Farbtupfer im Garten sein.<\/p>\n<p><img loading=\"lazy\" decoding=\"async\" class=\"aligncenter size-medium wp-image-27901\" src=\"http:\/\/huxlipux.de\/blog\/wp-content\/uploads\/2017\/08\/Still0683-300x225.jpg\" alt=\"Still068(3)\" width=\"300\" height=\"225\" srcset=\"https:\/\/huxlipux.de\/blog\/wp-content\/uploads\/2017\/08\/Still0683-300x225.jpg 300w, https:\/\/huxlipux.de\/blog\/wp-content\/uploads\/2017\/08\/Still0683-768x576.jpg 768w, https:\/\/huxlipux.de\/blog\/wp-content\/uploads\/2017\/08\/Still0683.jpg 1024w, https:\/\/huxlipux.de\/blog\/wp-content\/uploads\/2017\/08\/Still0683-350x263.jpg 350w\" sizes=\"auto, (max-width: 300px) 100vw, 300px\" \/>Hier wird sie wachsen.<\/p>\n<p><img loading=\"lazy\" decoding=\"async\" class=\"aligncenter size-medium wp-image-27905\" src=\"http:\/\/huxlipux.de\/blog\/wp-content\/uploads\/2017\/08\/Still0662-300x225.jpg\" alt=\"Still066(2)\" width=\"300\" height=\"225\" srcset=\"https:\/\/huxlipux.de\/blog\/wp-content\/uploads\/2017\/08\/Still0662-300x225.jpg 300w, https:\/\/huxlipux.de\/blog\/wp-content\/uploads\/2017\/08\/Still0662-768x576.jpg 768w, https:\/\/huxlipux.de\/blog\/wp-content\/uploads\/2017\/08\/Still0662.jpg 1024w, https:\/\/huxlipux.de\/blog\/wp-content\/uploads\/2017\/08\/Still0662-350x263.jpg 350w\" sizes=\"auto, (max-width: 300px) 100vw, 300px\" \/><\/p>\n<p><img loading=\"lazy\" decoding=\"async\" class=\"aligncenter size-medium wp-image-27902\" src=\"http:\/\/huxlipux.de\/blog\/wp-content\/uploads\/2017\/08\/Still0203-300x225.jpg\" alt=\"Still020(3)\" width=\"300\" height=\"225\" srcset=\"https:\/\/huxlipux.de\/blog\/wp-content\/uploads\/2017\/08\/Still0203-300x225.jpg 300w, https:\/\/huxlipux.de\/blog\/wp-content\/uploads\/2017\/08\/Still0203-768x576.jpg 768w, https:\/\/huxlipux.de\/blog\/wp-content\/uploads\/2017\/08\/Still0203.jpg 1024w, https:\/\/huxlipux.de\/blog\/wp-content\/uploads\/2017\/08\/Still0203-350x263.jpg 350w\" sizes=\"auto, (max-width: 300px) 100vw, 300px\" \/>Hasenoma und Opa Karl hoffen, dass es bald eine Bl\u00fcte gibt. Skabiose ist n\u00e4mlich eine Blume, die man auch trocknen und zum Strohblumenstrau\u00df hinzuf\u00fcgen kann. Hasenoma liebt Strohblumenstr\u00e4u\u00dfe \u00fcber alles und sucht oft vergebens im Herbst einen frischen f\u00fcr ihr Zimmer. In Strohblumen findet man den Sommer auch im Winter wieder.<\/p>\n","protected":false},"excerpt":{"rendered":"<p class=\"excerpt\">Ich hab was Sch\u00f6nes f\u00fcr den Garten besorgt, Karl. &#8222;Was, liebe Frau? Der Garten ist doch schon voller Bl\u00fctenpracht.&#8220; Das ist eine Skabiose. Opa Karl findet die Farbe sehr sch\u00f6n.&hellip; <span class=\"more-link\">more<\/span><\/p>\n","protected":false},"author":2,"featured_media":27899,"comment_status":"open","ping_status":"open","sticky":false,"template":"","format":"standard","meta":{"footnotes":""},"categories":[15],"tags":[],"class_list":["post-27875","post","type-post","status-publish","format-standard","has-post-thumbnail","hentry","category-dinge-zum-freuen"],"yoast_head":"<!-- This site is optimized with the Yoast SEO plugin v26.9 - https:\/\/yoast.com\/product\/yoast-seo-wordpress\/ -->\n<title>Vom Sommer im Winter - Huxlipux.de<\/title>\n<meta name=\"robots\" content=\"index, follow, max-snippet:-1, max-image-preview:large, max-video-preview:-1\" \/>\n<link rel=\"canonical\" href=\"https:\/\/huxlipux.de\/blog\/2017\/08\/vom-sommer-im-winter\/\" \/>\n<meta property=\"og:locale\" content=\"de_DE\" \/>\n<meta property=\"og:type\" content=\"article\" \/>\n<meta property=\"og:title\" content=\"Vom Sommer im Winter - Huxlipux.de\" \/>\n<meta property=\"og:description\" content=\"Ich hab was Sch\u00f6nes f\u00fcr den Garten besorgt, Karl. &#8222;Was, liebe Frau? Der Garten ist doch schon voller Bl\u00fctenpracht.&#8220; Das ist eine Skabiose. Opa Karl findet die Farbe sehr sch\u00f6n.&hellip; more\" \/>\n<meta property=\"og:url\" content=\"https:\/\/huxlipux.de\/blog\/2017\/08\/vom-sommer-im-winter\/\" \/>\n<meta property=\"og:site_name\" content=\"Huxlipux.de\" \/>\n<meta property=\"article:published_time\" content=\"2017-08-28T08:55:22+00:00\" \/>\n<meta property=\"og:image\" content=\"https:\/\/huxlipux.de\/blog\/wp-content\/uploads\/2017\/08\/Still0395.jpg\" \/>\n\t<meta property=\"og:image:width\" content=\"1024\" \/>\n\t<meta property=\"og:image:height\" content=\"768\" \/>\n\t<meta property=\"og:image:type\" content=\"image\/jpeg\" \/>\n<meta name=\"author\" content=\"Ursula B\u00f6hnke-Kuckhoff\" \/>\n<meta name=\"twitter:label1\" content=\"Verfasst von\" \/>\n\t<meta name=\"twitter:data1\" content=\"Ursula B\u00f6hnke-Kuckhoff\" \/>\n\t<meta name=\"twitter:label2\" content=\"Gesch\u00e4tzte Lesezeit\" \/>\n\t<meta name=\"twitter:data2\" content=\"1\u00a0Minute\" \/>\n<script type=\"application\/ld+json\" class=\"yoast-schema-graph\">{\"@context\":\"https:\/\/schema.org\",\"@graph\":[{\"@type\":\"Article\",\"@id\":\"https:\/\/huxlipux.de\/blog\/2017\/08\/vom-sommer-im-winter\/#article\",\"isPartOf\":{\"@id\":\"https:\/\/huxlipux.de\/blog\/2017\/08\/vom-sommer-im-winter\/\"},\"author\":{\"name\":\"Ursula B\u00f6hnke-Kuckhoff\",\"@id\":\"https:\/\/huxlipux.de\/blog\/#\/schema\/person\/f2a857fac0c9223e32b50adc8a05fa1f\"},\"headline\":\"Vom Sommer im Winter\",\"datePublished\":\"2017-08-28T08:55:22+00:00\",\"mainEntityOfPage\":{\"@id\":\"https:\/\/huxlipux.de\/blog\/2017\/08\/vom-sommer-im-winter\/\"},\"wordCount\":107,\"commentCount\":0,\"image\":{\"@id\":\"https:\/\/huxlipux.de\/blog\/2017\/08\/vom-sommer-im-winter\/#primaryimage\"},\"thumbnailUrl\":\"https:\/\/huxlipux.de\/blog\/wp-content\/uploads\/2017\/08\/Still0395.jpg\",\"articleSection\":[\"Dinge zum Freuen\"],\"inLanguage\":\"de\",\"potentialAction\":[{\"@type\":\"CommentAction\",\"name\":\"Comment\",\"target\":[\"https:\/\/huxlipux.de\/blog\/2017\/08\/vom-sommer-im-winter\/#respond\"]}]},{\"@type\":\"WebPage\",\"@id\":\"https:\/\/huxlipux.de\/blog\/2017\/08\/vom-sommer-im-winter\/\",\"url\":\"https:\/\/huxlipux.de\/blog\/2017\/08\/vom-sommer-im-winter\/\",\"name\":\"Vom Sommer im Winter - Huxlipux.de\",\"isPartOf\":{\"@id\":\"https:\/\/huxlipux.de\/blog\/#website\"},\"primaryImageOfPage\":{\"@id\":\"https:\/\/huxlipux.de\/blog\/2017\/08\/vom-sommer-im-winter\/#primaryimage\"},\"image\":{\"@id\":\"https:\/\/huxlipux.de\/blog\/2017\/08\/vom-sommer-im-winter\/#primaryimage\"},\"thumbnailUrl\":\"https:\/\/huxlipux.de\/blog\/wp-content\/uploads\/2017\/08\/Still0395.jpg\",\"datePublished\":\"2017-08-28T08:55:22+00:00\",\"author\":{\"@id\":\"https:\/\/huxlipux.de\/blog\/#\/schema\/person\/f2a857fac0c9223e32b50adc8a05fa1f\"},\"breadcrumb\":{\"@id\":\"https:\/\/huxlipux.de\/blog\/2017\/08\/vom-sommer-im-winter\/#breadcrumb\"},\"inLanguage\":\"de\",\"potentialAction\":[{\"@type\":\"ReadAction\",\"target\":[\"https:\/\/huxlipux.de\/blog\/2017\/08\/vom-sommer-im-winter\/\"]}]},{\"@type\":\"ImageObject\",\"inLanguage\":\"de\",\"@id\":\"https:\/\/huxlipux.de\/blog\/2017\/08\/vom-sommer-im-winter\/#primaryimage\",\"url\":\"https:\/\/huxlipux.de\/blog\/wp-content\/uploads\/2017\/08\/Still0395.jpg\",\"contentUrl\":\"https:\/\/huxlipux.de\/blog\/wp-content\/uploads\/2017\/08\/Still0395.jpg\",\"width\":1024,\"height\":768},{\"@type\":\"BreadcrumbList\",\"@id\":\"https:\/\/huxlipux.de\/blog\/2017\/08\/vom-sommer-im-winter\/#breadcrumb\",\"itemListElement\":[{\"@type\":\"ListItem\",\"position\":1,\"name\":\"Home\",\"item\":\"https:\/\/huxlipux.de\/blog\/\"},{\"@type\":\"ListItem\",\"position\":2,\"name\":\"Vom Sommer im Winter\"}]},{\"@type\":\"WebSite\",\"@id\":\"https:\/\/huxlipux.de\/blog\/#website\",\"url\":\"https:\/\/huxlipux.de\/blog\/\",\"name\":\"Huxlipux.de\",\"description\":\"Kinder-Geschichten Blog f\u00fcr Kinder von 3 bis 99\",\"potentialAction\":[{\"@type\":\"SearchAction\",\"target\":{\"@type\":\"EntryPoint\",\"urlTemplate\":\"https:\/\/huxlipux.de\/blog\/?s={search_term_string}\"},\"query-input\":{\"@type\":\"PropertyValueSpecification\",\"valueRequired\":true,\"valueName\":\"search_term_string\"}}],\"inLanguage\":\"de\"},{\"@type\":\"Person\",\"@id\":\"https:\/\/huxlipux.de\/blog\/#\/schema\/person\/f2a857fac0c9223e32b50adc8a05fa1f\",\"name\":\"Ursula B\u00f6hnke-Kuckhoff\",\"sameAs\":[\"http:\/\/www.huxlipux.de\"],\"url\":\"https:\/\/huxlipux.de\/blog\/author\/uweboe\/\"}]}<\/script>\n<!-- \/ Yoast SEO plugin. -->","yoast_head_json":{"title":"Vom Sommer im Winter - Huxlipux.de","robots":{"index":"index","follow":"follow","max-snippet":"max-snippet:-1","max-image-preview":"max-image-preview:large","max-video-preview":"max-video-preview:-1"},"canonical":"https:\/\/huxlipux.de\/blog\/2017\/08\/vom-sommer-im-winter\/","og_locale":"de_DE","og_type":"article","og_title":"Vom Sommer im Winter - Huxlipux.de","og_description":"Ich hab was Sch\u00f6nes f\u00fcr den Garten besorgt, Karl. &#8222;Was, liebe Frau? Der Garten ist doch schon voller Bl\u00fctenpracht.&#8220; Das ist eine Skabiose. Opa Karl findet die Farbe sehr sch\u00f6n.&hellip; more","og_url":"https:\/\/huxlipux.de\/blog\/2017\/08\/vom-sommer-im-winter\/","og_site_name":"Huxlipux.de","article_published_time":"2017-08-28T08:55:22+00:00","og_image":[{"width":1024,"height":768,"url":"https:\/\/huxlipux.de\/blog\/wp-content\/uploads\/2017\/08\/Still0395.jpg","type":"image\/jpeg"}],"author":"Ursula B\u00f6hnke-Kuckhoff","twitter_misc":{"Verfasst von":"Ursula B\u00f6hnke-Kuckhoff","Gesch\u00e4tzte Lesezeit":"1\u00a0Minute"},"schema":{"@context":"https:\/\/schema.org","@graph":[{"@type":"Article","@id":"https:\/\/huxlipux.de\/blog\/2017\/08\/vom-sommer-im-winter\/#article","isPartOf":{"@id":"https:\/\/huxlipux.de\/blog\/2017\/08\/vom-sommer-im-winter\/"},"author":{"name":"Ursula B\u00f6hnke-Kuckhoff","@id":"https:\/\/huxlipux.de\/blog\/#\/schema\/person\/f2a857fac0c9223e32b50adc8a05fa1f"},"headline":"Vom Sommer im Winter","datePublished":"2017-08-28T08:55:22+00:00","mainEntityOfPage":{"@id":"https:\/\/huxlipux.de\/blog\/2017\/08\/vom-sommer-im-winter\/"},"wordCount":107,"commentCount":0,"image":{"@id":"https:\/\/huxlipux.de\/blog\/2017\/08\/vom-sommer-im-winter\/#primaryimage"},"thumbnailUrl":"https:\/\/huxlipux.de\/blog\/wp-content\/uploads\/2017\/08\/Still0395.jpg","articleSection":["Dinge zum Freuen"],"inLanguage":"de","potentialAction":[{"@type":"CommentAction","name":"Comment","target":["https:\/\/huxlipux.de\/blog\/2017\/08\/vom-sommer-im-winter\/#respond"]}]},{"@type":"WebPage","@id":"https:\/\/huxlipux.de\/blog\/2017\/08\/vom-sommer-im-winter\/","url":"https:\/\/huxlipux.de\/blog\/2017\/08\/vom-sommer-im-winter\/","name":"Vom Sommer im Winter - Huxlipux.de","isPartOf":{"@id":"https:\/\/huxlipux.de\/blog\/#website"},"primaryImageOfPage":{"@id":"https:\/\/huxlipux.de\/blog\/2017\/08\/vom-sommer-im-winter\/#primaryimage"},"image":{"@id":"https:\/\/huxlipux.de\/blog\/2017\/08\/vom-sommer-im-winter\/#primaryimage"},"thumbnailUrl":"https:\/\/huxlipux.de\/blog\/wp-content\/uploads\/2017\/08\/Still0395.jpg","datePublished":"2017-08-28T08:55:22+00:00","author":{"@id":"https:\/\/huxlipux.de\/blog\/#\/schema\/person\/f2a857fac0c9223e32b50adc8a05fa1f"},"breadcrumb":{"@id":"https:\/\/huxlipux.de\/blog\/2017\/08\/vom-sommer-im-winter\/#breadcrumb"},"inLanguage":"de","potentialAction":[{"@type":"ReadAction","target":["https:\/\/huxlipux.de\/blog\/2017\/08\/vom-sommer-im-winter\/"]}]},{"@type":"ImageObject","inLanguage":"de","@id":"https:\/\/huxlipux.de\/blog\/2017\/08\/vom-sommer-im-winter\/#primaryimage","url":"https:\/\/huxlipux.de\/blog\/wp-content\/uploads\/2017\/08\/Still0395.jpg","contentUrl":"https:\/\/huxlipux.de\/blog\/wp-content\/uploads\/2017\/08\/Still0395.jpg","width":1024,"height":768},{"@type":"BreadcrumbList","@id":"https:\/\/huxlipux.de\/blog\/2017\/08\/vom-sommer-im-winter\/#breadcrumb","itemListElement":[{"@type":"ListItem","position":1,"name":"Home","item":"https:\/\/huxlipux.de\/blog\/"},{"@type":"ListItem","position":2,"name":"Vom Sommer im Winter"}]},{"@type":"WebSite","@id":"https:\/\/huxlipux.de\/blog\/#website","url":"https:\/\/huxlipux.de\/blog\/","name":"Huxlipux.de","description":"Kinder-Geschichten Blog f\u00fcr Kinder von 3 bis 99","potentialAction":[{"@type":"SearchAction","target":{"@type":"EntryPoint","urlTemplate":"https:\/\/huxlipux.de\/blog\/?s={search_term_string}"},"query-input":{"@type":"PropertyValueSpecification","valueRequired":true,"valueName":"search_term_string"}}],"inLanguage":"de"},{"@type":"Person","@id":"https:\/\/huxlipux.de\/blog\/#\/schema\/person\/f2a857fac0c9223e32b50adc8a05fa1f","name":"Ursula B\u00f6hnke-Kuckhoff","sameAs":["http:\/\/www.huxlipux.de"],"url":"https:\/\/huxlipux.de\/blog\/author\/uweboe\/"}]}},"_links":{"self":[{"href":"https:\/\/huxlipux.de\/blog\/wp-json\/wp\/v2\/posts\/27875","targetHints":{"allow":["GET"]}}],"collection":[{"href":"https:\/\/huxlipux.de\/blog\/wp-json\/wp\/v2\/posts"}],"about":[{"href":"https:\/\/huxlipux.de\/blog\/wp-json\/wp\/v2\/types\/post"}],"author":[{"embeddable":true,"href":"https:\/\/huxlipux.de\/blog\/wp-json\/wp\/v2\/users\/2"}],"replies":[{"embeddable":true,"href":"https:\/\/huxlipux.de\/blog\/wp-json\/wp\/v2\/comments?post=27875"}],"version-history":[{"count":4,"href":"https:\/\/huxlipux.de\/blog\/wp-json\/wp\/v2\/posts\/27875\/revisions"}],"predecessor-version":[{"id":27906,"href":"https:\/\/huxlipux.de\/blog\/wp-json\/wp\/v2\/posts\/27875\/revisions\/27906"}],"wp:featuredmedia":[{"embeddable":true,"href":"https:\/\/huxlipux.de\/blog\/wp-json\/wp\/v2\/media\/27899"}],"wp:attachment":[{"href":"https:\/\/huxlipux.de\/blog\/wp-json\/wp\/v2\/media?parent=27875"}],"wp:term":[{"taxonomy":"category","embeddable":true,"href":"https:\/\/huxlipux.de\/blog\/wp-json\/wp\/v2\/categories?post=27875"},{"taxonomy":"post_tag","embeddable":true,"href":"https:\/\/huxlipux.de\/blog\/wp-json\/wp\/v2\/tags?post=27875"}],"curies":[{"name":"wp","href":"https:\/\/api.w.org\/{rel}","templated":true}]}}