{"id":24188,"date":"2016-02-18T11:31:56","date_gmt":"2016-02-18T10:31:56","guid":{"rendered":"http:\/\/huxlipux.de\/blog\/?p=24188"},"modified":"2016-02-18T15:38:49","modified_gmt":"2016-02-18T14:38:49","slug":"barbara-und-eine-kleine-rote-katze","status":"publish","type":"post","link":"https:\/\/huxlipux.de\/blog\/2016\/02\/barbara-und-eine-kleine-rote-katze\/","title":{"rendered":"Barbara und eine kleine rote Katze"},"content":{"rendered":"<p>Gestern war mein Geburtstag und auch Huxlipux hat mir gratuliert. Vielen Dank! Schon am Abend vorher war klar, das wird ein ganz besonderer Tag. Eine gute Freundin von mir f\u00e4hrt Taxi am Flughafen Berlin- Sch\u00f6nefeld. Sie f\u00e4hrt Abends und Nachts. Vor einigen Abenden beobachtete sie einen kleinen roten Kater der sehr zersaust und hungrig aussah. Er suchte Schutz unter den wartenden Taxen. Das war nat\u00fcrlich sehr gef\u00e4hrlich: die gro\u00dfe Zufahrstrasse und all die Autos. Meine Freundin rief mich an und fragte: wer kann den kleinen Kerl einfangen und ihn versorgen? Die Feuerwehr ist daf\u00fcr nicht zust\u00e4ndig und kommt nicht, auch nicht die Polizei. Das Tierheim hat Abends geschlossen. Ich rief eine andere Bekannte an, von der ich vor sechs Jahren meine Katze Valy \u00fcbernommen habe. Die Bekannte war zum Gl\u00fcck zu Hause und gab mir die Telefonnummer des Vereins &#8222;Hilfe f\u00fcr Berliner Strassenkatzen&#8220;. Der Mann dort wollte sich sofort ins Auto setzen und uns in Sch\u00f6nefeld treffen. Er kam mit einem Katzenkorb\u00a0 und Schlagsahne. Mit der Schlagsahne legte er eine Spur zum Korb. Der kleine Kater war sehr hungrig und schleckerte all die Sahne auf. Ruckzuck war er im Korb und die T\u00fcr zu. Wir waren gl\u00fccklich! Der Mann hat den Kater mitgenommen. Inzwischen ist er auch vom Arzt untersucht und behandelt worden. Jetzt hat er es warm und trocken und jeden Tag Futter. Ich habe seine Patenschaft \u00fcbernommen und wenn der kleine Kater in ein paar Wochen in ein neues Zuhause darf, zieht er vielleicht bei mir ein. Wenn B\u00e4rly(meine andere Katze) einverstanden ist.<\/p>\n<p><a href=\"http:\/\/huxlipux.de\/blog\/wp-content\/uploads\/2016\/02\/Emilio.jpg\"><img loading=\"lazy\" decoding=\"async\" class=\"aligncenter wp-image-24192\" src=\"http:\/\/huxlipux.de\/blog\/wp-content\/uploads\/2016\/02\/Emilio-300x225.jpg\" alt=\"Emilio\" width=\"600\" height=\"450\" srcset=\"https:\/\/huxlipux.de\/blog\/wp-content\/uploads\/2016\/02\/Emilio-300x225.jpg 300w, https:\/\/huxlipux.de\/blog\/wp-content\/uploads\/2016\/02\/Emilio.jpg 1024w, https:\/\/huxlipux.de\/blog\/wp-content\/uploads\/2016\/02\/Emilio-350x263.jpg 350w\" sizes=\"auto, (max-width: 600px) 100vw, 600px\" \/><\/a><br \/>\n\u00dcbrigens sind rote Katzen meistens m\u00e4nnlich. Das hat mit der Vererbung zu tun. Die rote Fellfarbe wird fast immer an m\u00e4nnliche Katzen weitergegeben. Ja und einen Namen habe ich auch schon f\u00fcr den kleinen Kater: Emilio. obwohl der Mann meint, Pascha w\u00fcrde besser passen.<\/p>\n<p>Herzliche Gr\u00fcsse aus Weissensee von Barbara und ihren Katzen<\/p>\n","protected":false},"excerpt":{"rendered":"<p class=\"excerpt\">Gestern war mein Geburtstag und auch Huxlipux hat mir gratuliert. Vielen Dank! Schon am Abend vorher war klar, das wird ein ganz besonderer Tag. Eine gute Freundin von mir f\u00e4hrt&hellip; <span class=\"more-link\">more<\/span><\/p>\n","protected":false},"author":2,"featured_media":0,"comment_status":"open","ping_status":"open","sticky":false,"template":"","format":"standard","meta":{"footnotes":""},"categories":[8,16],"tags":[],"class_list":["post-24188","post","type-post","status-publish","format-standard","hentry","category-tierseiten","category-neues-aus-huxlipux"],"yoast_head":"<!-- This site is optimized with the Yoast SEO plugin v26.9 - https:\/\/yoast.com\/product\/yoast-seo-wordpress\/ -->\n<title>Barbara und eine kleine rote Katze - Huxlipux.de<\/title>\n<meta name=\"robots\" content=\"index, follow, max-snippet:-1, max-image-preview:large, max-video-preview:-1\" \/>\n<link rel=\"canonical\" href=\"https:\/\/huxlipux.de\/blog\/2016\/02\/barbara-und-eine-kleine-rote-katze\/\" \/>\n<meta property=\"og:locale\" content=\"de_DE\" \/>\n<meta property=\"og:type\" content=\"article\" \/>\n<meta property=\"og:title\" content=\"Barbara und eine kleine rote Katze - Huxlipux.de\" \/>\n<meta property=\"og:description\" content=\"Gestern war mein Geburtstag und auch Huxlipux hat mir gratuliert. Vielen Dank! Schon am Abend vorher war klar, das wird ein ganz besonderer Tag. Eine gute Freundin von mir f\u00e4hrt&hellip; more\" \/>\n<meta property=\"og:url\" content=\"https:\/\/huxlipux.de\/blog\/2016\/02\/barbara-und-eine-kleine-rote-katze\/\" \/>\n<meta property=\"og:site_name\" content=\"Huxlipux.de\" \/>\n<meta property=\"article:published_time\" content=\"2016-02-18T10:31:56+00:00\" \/>\n<meta property=\"article:modified_time\" content=\"2016-02-18T14:38:49+00:00\" \/>\n<meta property=\"og:image\" content=\"https:\/\/huxlipux.de\/blog\/wp-content\/uploads\/2016\/02\/Emilio.jpg\" \/>\n\t<meta property=\"og:image:width\" content=\"1024\" \/>\n\t<meta property=\"og:image:height\" content=\"768\" \/>\n\t<meta property=\"og:image:type\" content=\"image\/jpeg\" \/>\n<meta name=\"author\" content=\"Ursula B\u00f6hnke-Kuckhoff\" \/>\n<meta name=\"twitter:label1\" content=\"Verfasst von\" \/>\n\t<meta name=\"twitter:data1\" content=\"Ursula B\u00f6hnke-Kuckhoff\" \/>\n\t<meta name=\"twitter:label2\" content=\"Gesch\u00e4tzte Lesezeit\" \/>\n\t<meta name=\"twitter:data2\" content=\"2\u00a0Minuten\" \/>\n<script type=\"application\/ld+json\" class=\"yoast-schema-graph\">{\"@context\":\"https:\/\/schema.org\",\"@graph\":[{\"@type\":\"Article\",\"@id\":\"https:\/\/huxlipux.de\/blog\/2016\/02\/barbara-und-eine-kleine-rote-katze\/#article\",\"isPartOf\":{\"@id\":\"https:\/\/huxlipux.de\/blog\/2016\/02\/barbara-und-eine-kleine-rote-katze\/\"},\"author\":{\"name\":\"Ursula B\u00f6hnke-Kuckhoff\",\"@id\":\"https:\/\/huxlipux.de\/blog\/#\/schema\/person\/f2a857fac0c9223e32b50adc8a05fa1f\"},\"headline\":\"Barbara und eine kleine rote Katze\",\"datePublished\":\"2016-02-18T10:31:56+00:00\",\"dateModified\":\"2016-02-18T14:38:49+00:00\",\"mainEntityOfPage\":{\"@id\":\"https:\/\/huxlipux.de\/blog\/2016\/02\/barbara-und-eine-kleine-rote-katze\/\"},\"wordCount\":334,\"commentCount\":0,\"image\":{\"@id\":\"https:\/\/huxlipux.de\/blog\/2016\/02\/barbara-und-eine-kleine-rote-katze\/#primaryimage\"},\"thumbnailUrl\":\"http:\/\/huxlipux.de\/blog\/wp-content\/uploads\/2016\/02\/Emilio-300x225.jpg\",\"articleSection\":[\"Allerlei \u00fcber Tiere\",\"Dinge des Tages\"],\"inLanguage\":\"de\",\"potentialAction\":[{\"@type\":\"CommentAction\",\"name\":\"Comment\",\"target\":[\"https:\/\/huxlipux.de\/blog\/2016\/02\/barbara-und-eine-kleine-rote-katze\/#respond\"]}]},{\"@type\":\"WebPage\",\"@id\":\"https:\/\/huxlipux.de\/blog\/2016\/02\/barbara-und-eine-kleine-rote-katze\/\",\"url\":\"https:\/\/huxlipux.de\/blog\/2016\/02\/barbara-und-eine-kleine-rote-katze\/\",\"name\":\"Barbara und eine kleine rote Katze - Huxlipux.de\",\"isPartOf\":{\"@id\":\"https:\/\/huxlipux.de\/blog\/#website\"},\"primaryImageOfPage\":{\"@id\":\"https:\/\/huxlipux.de\/blog\/2016\/02\/barbara-und-eine-kleine-rote-katze\/#primaryimage\"},\"image\":{\"@id\":\"https:\/\/huxlipux.de\/blog\/2016\/02\/barbara-und-eine-kleine-rote-katze\/#primaryimage\"},\"thumbnailUrl\":\"http:\/\/huxlipux.de\/blog\/wp-content\/uploads\/2016\/02\/Emilio-300x225.jpg\",\"datePublished\":\"2016-02-18T10:31:56+00:00\",\"dateModified\":\"2016-02-18T14:38:49+00:00\",\"author\":{\"@id\":\"https:\/\/huxlipux.de\/blog\/#\/schema\/person\/f2a857fac0c9223e32b50adc8a05fa1f\"},\"breadcrumb\":{\"@id\":\"https:\/\/huxlipux.de\/blog\/2016\/02\/barbara-und-eine-kleine-rote-katze\/#breadcrumb\"},\"inLanguage\":\"de\",\"potentialAction\":[{\"@type\":\"ReadAction\",\"target\":[\"https:\/\/huxlipux.de\/blog\/2016\/02\/barbara-und-eine-kleine-rote-katze\/\"]}]},{\"@type\":\"ImageObject\",\"inLanguage\":\"de\",\"@id\":\"https:\/\/huxlipux.de\/blog\/2016\/02\/barbara-und-eine-kleine-rote-katze\/#primaryimage\",\"url\":\"http:\/\/huxlipux.de\/blog\/wp-content\/uploads\/2016\/02\/Emilio-300x225.jpg\",\"contentUrl\":\"http:\/\/huxlipux.de\/blog\/wp-content\/uploads\/2016\/02\/Emilio-300x225.jpg\"},{\"@type\":\"BreadcrumbList\",\"@id\":\"https:\/\/huxlipux.de\/blog\/2016\/02\/barbara-und-eine-kleine-rote-katze\/#breadcrumb\",\"itemListElement\":[{\"@type\":\"ListItem\",\"position\":1,\"name\":\"Home\",\"item\":\"https:\/\/huxlipux.de\/blog\/\"},{\"@type\":\"ListItem\",\"position\":2,\"name\":\"Barbara und eine kleine rote Katze\"}]},{\"@type\":\"WebSite\",\"@id\":\"https:\/\/huxlipux.de\/blog\/#website\",\"url\":\"https:\/\/huxlipux.de\/blog\/\",\"name\":\"Huxlipux.de\",\"description\":\"Kinder-Geschichten Blog f\u00fcr Kinder von 3 bis 99\",\"potentialAction\":[{\"@type\":\"SearchAction\",\"target\":{\"@type\":\"EntryPoint\",\"urlTemplate\":\"https:\/\/huxlipux.de\/blog\/?s={search_term_string}\"},\"query-input\":{\"@type\":\"PropertyValueSpecification\",\"valueRequired\":true,\"valueName\":\"search_term_string\"}}],\"inLanguage\":\"de\"},{\"@type\":\"Person\",\"@id\":\"https:\/\/huxlipux.de\/blog\/#\/schema\/person\/f2a857fac0c9223e32b50adc8a05fa1f\",\"name\":\"Ursula B\u00f6hnke-Kuckhoff\",\"sameAs\":[\"http:\/\/www.huxlipux.de\"],\"url\":\"https:\/\/huxlipux.de\/blog\/author\/uweboe\/\"}]}<\/script>\n<!-- \/ Yoast SEO plugin. -->","yoast_head_json":{"title":"Barbara und eine kleine rote Katze - Huxlipux.de","robots":{"index":"index","follow":"follow","max-snippet":"max-snippet:-1","max-image-preview":"max-image-preview:large","max-video-preview":"max-video-preview:-1"},"canonical":"https:\/\/huxlipux.de\/blog\/2016\/02\/barbara-und-eine-kleine-rote-katze\/","og_locale":"de_DE","og_type":"article","og_title":"Barbara und eine kleine rote Katze - Huxlipux.de","og_description":"Gestern war mein Geburtstag und auch Huxlipux hat mir gratuliert. Vielen Dank! Schon am Abend vorher war klar, das wird ein ganz besonderer Tag. Eine gute Freundin von mir f\u00e4hrt&hellip; more","og_url":"https:\/\/huxlipux.de\/blog\/2016\/02\/barbara-und-eine-kleine-rote-katze\/","og_site_name":"Huxlipux.de","article_published_time":"2016-02-18T10:31:56+00:00","article_modified_time":"2016-02-18T14:38:49+00:00","og_image":[{"width":1024,"height":768,"url":"https:\/\/huxlipux.de\/blog\/wp-content\/uploads\/2016\/02\/Emilio.jpg","type":"image\/jpeg"}],"author":"Ursula B\u00f6hnke-Kuckhoff","twitter_misc":{"Verfasst von":"Ursula B\u00f6hnke-Kuckhoff","Gesch\u00e4tzte Lesezeit":"2\u00a0Minuten"},"schema":{"@context":"https:\/\/schema.org","@graph":[{"@type":"Article","@id":"https:\/\/huxlipux.de\/blog\/2016\/02\/barbara-und-eine-kleine-rote-katze\/#article","isPartOf":{"@id":"https:\/\/huxlipux.de\/blog\/2016\/02\/barbara-und-eine-kleine-rote-katze\/"},"author":{"name":"Ursula B\u00f6hnke-Kuckhoff","@id":"https:\/\/huxlipux.de\/blog\/#\/schema\/person\/f2a857fac0c9223e32b50adc8a05fa1f"},"headline":"Barbara und eine kleine rote Katze","datePublished":"2016-02-18T10:31:56+00:00","dateModified":"2016-02-18T14:38:49+00:00","mainEntityOfPage":{"@id":"https:\/\/huxlipux.de\/blog\/2016\/02\/barbara-und-eine-kleine-rote-katze\/"},"wordCount":334,"commentCount":0,"image":{"@id":"https:\/\/huxlipux.de\/blog\/2016\/02\/barbara-und-eine-kleine-rote-katze\/#primaryimage"},"thumbnailUrl":"http:\/\/huxlipux.de\/blog\/wp-content\/uploads\/2016\/02\/Emilio-300x225.jpg","articleSection":["Allerlei \u00fcber Tiere","Dinge des Tages"],"inLanguage":"de","potentialAction":[{"@type":"CommentAction","name":"Comment","target":["https:\/\/huxlipux.de\/blog\/2016\/02\/barbara-und-eine-kleine-rote-katze\/#respond"]}]},{"@type":"WebPage","@id":"https:\/\/huxlipux.de\/blog\/2016\/02\/barbara-und-eine-kleine-rote-katze\/","url":"https:\/\/huxlipux.de\/blog\/2016\/02\/barbara-und-eine-kleine-rote-katze\/","name":"Barbara und eine kleine rote Katze - Huxlipux.de","isPartOf":{"@id":"https:\/\/huxlipux.de\/blog\/#website"},"primaryImageOfPage":{"@id":"https:\/\/huxlipux.de\/blog\/2016\/02\/barbara-und-eine-kleine-rote-katze\/#primaryimage"},"image":{"@id":"https:\/\/huxlipux.de\/blog\/2016\/02\/barbara-und-eine-kleine-rote-katze\/#primaryimage"},"thumbnailUrl":"http:\/\/huxlipux.de\/blog\/wp-content\/uploads\/2016\/02\/Emilio-300x225.jpg","datePublished":"2016-02-18T10:31:56+00:00","dateModified":"2016-02-18T14:38:49+00:00","author":{"@id":"https:\/\/huxlipux.de\/blog\/#\/schema\/person\/f2a857fac0c9223e32b50adc8a05fa1f"},"breadcrumb":{"@id":"https:\/\/huxlipux.de\/blog\/2016\/02\/barbara-und-eine-kleine-rote-katze\/#breadcrumb"},"inLanguage":"de","potentialAction":[{"@type":"ReadAction","target":["https:\/\/huxlipux.de\/blog\/2016\/02\/barbara-und-eine-kleine-rote-katze\/"]}]},{"@type":"ImageObject","inLanguage":"de","@id":"https:\/\/huxlipux.de\/blog\/2016\/02\/barbara-und-eine-kleine-rote-katze\/#primaryimage","url":"http:\/\/huxlipux.de\/blog\/wp-content\/uploads\/2016\/02\/Emilio-300x225.jpg","contentUrl":"http:\/\/huxlipux.de\/blog\/wp-content\/uploads\/2016\/02\/Emilio-300x225.jpg"},{"@type":"BreadcrumbList","@id":"https:\/\/huxlipux.de\/blog\/2016\/02\/barbara-und-eine-kleine-rote-katze\/#breadcrumb","itemListElement":[{"@type":"ListItem","position":1,"name":"Home","item":"https:\/\/huxlipux.de\/blog\/"},{"@type":"ListItem","position":2,"name":"Barbara und eine kleine rote Katze"}]},{"@type":"WebSite","@id":"https:\/\/huxlipux.de\/blog\/#website","url":"https:\/\/huxlipux.de\/blog\/","name":"Huxlipux.de","description":"Kinder-Geschichten Blog f\u00fcr Kinder von 3 bis 99","potentialAction":[{"@type":"SearchAction","target":{"@type":"EntryPoint","urlTemplate":"https:\/\/huxlipux.de\/blog\/?s={search_term_string}"},"query-input":{"@type":"PropertyValueSpecification","valueRequired":true,"valueName":"search_term_string"}}],"inLanguage":"de"},{"@type":"Person","@id":"https:\/\/huxlipux.de\/blog\/#\/schema\/person\/f2a857fac0c9223e32b50adc8a05fa1f","name":"Ursula B\u00f6hnke-Kuckhoff","sameAs":["http:\/\/www.huxlipux.de"],"url":"https:\/\/huxlipux.de\/blog\/author\/uweboe\/"}]}},"_links":{"self":[{"href":"https:\/\/huxlipux.de\/blog\/wp-json\/wp\/v2\/posts\/24188","targetHints":{"allow":["GET"]}}],"collection":[{"href":"https:\/\/huxlipux.de\/blog\/wp-json\/wp\/v2\/posts"}],"about":[{"href":"https:\/\/huxlipux.de\/blog\/wp-json\/wp\/v2\/types\/post"}],"author":[{"embeddable":true,"href":"https:\/\/huxlipux.de\/blog\/wp-json\/wp\/v2\/users\/2"}],"replies":[{"embeddable":true,"href":"https:\/\/huxlipux.de\/blog\/wp-json\/wp\/v2\/comments?post=24188"}],"version-history":[{"count":4,"href":"https:\/\/huxlipux.de\/blog\/wp-json\/wp\/v2\/posts\/24188\/revisions"}],"predecessor-version":[{"id":24227,"href":"https:\/\/huxlipux.de\/blog\/wp-json\/wp\/v2\/posts\/24188\/revisions\/24227"}],"wp:attachment":[{"href":"https:\/\/huxlipux.de\/blog\/wp-json\/wp\/v2\/media?parent=24188"}],"wp:term":[{"taxonomy":"category","embeddable":true,"href":"https:\/\/huxlipux.de\/blog\/wp-json\/wp\/v2\/categories?post=24188"},{"taxonomy":"post_tag","embeddable":true,"href":"https:\/\/huxlipux.de\/blog\/wp-json\/wp\/v2\/tags?post=24188"}],"curies":[{"name":"wp","href":"https:\/\/api.w.org\/{rel}","templated":true}]}}