{"id":22545,"date":"2015-09-07T18:38:29","date_gmt":"2015-09-07T16:38:29","guid":{"rendered":"http:\/\/huxlipux.de\/blog\/?p=22545"},"modified":"2015-09-07T18:42:17","modified_gmt":"2015-09-07T16:42:17","slug":"wie-heissen-die-moebel","status":"publish","type":"post","link":"https:\/\/huxlipux.de\/blog\/2015\/09\/wie-heissen-die-moebel\/","title":{"rendered":"Wie hei\u00dfen die M\u00f6bel?"},"content":{"rendered":"<p><a href=\"http:\/\/huxlipux.de\/blog\/wp-content\/uploads\/2015\/09\/m\u00f6bel-1.jpg\"><img loading=\"lazy\" decoding=\"async\" class=\"  wp-image-22546 aligncenter\" src=\"http:\/\/huxlipux.de\/blog\/wp-content\/uploads\/2015\/09\/m\u00f6bel-1-300x225.jpg\" alt=\"m\u00f6bel 1\" width=\"465\" height=\"349\" srcset=\"https:\/\/huxlipux.de\/blog\/wp-content\/uploads\/2015\/09\/m\u00f6bel-1-300x225.jpg 300w, https:\/\/huxlipux.de\/blog\/wp-content\/uploads\/2015\/09\/m\u00f6bel-1.jpg 1024w, https:\/\/huxlipux.de\/blog\/wp-content\/uploads\/2015\/09\/m\u00f6bel-1-350x263.jpg 350w\" sizes=\"auto, (max-width: 465px) 100vw, 465px\" \/><\/a>Heute lernen die Teilnehmer im Deutschkurs die Namen der M\u00f6bel kennen. Doch zun\u00e4chst stellt Susi eine neue Teilnehmerin vor. Sie hei\u00dft Maria und kommt aus Cuba. Die anderen nehmen sie gleich in die Mitte und versprechen, mit ihr alles nachzuholen, was sie noch nicht kann.<a href=\"http:\/\/huxlipux.de\/blog\/wp-content\/uploads\/2015\/09\/m\u00f6bel-2.jpg\"><img loading=\"lazy\" decoding=\"async\" class=\"  wp-image-22547 aligncenter\" src=\"http:\/\/huxlipux.de\/blog\/wp-content\/uploads\/2015\/09\/m\u00f6bel-2-300x225.jpg\" alt=\"m\u00f6bel 2\" width=\"409\" height=\"307\" srcset=\"https:\/\/huxlipux.de\/blog\/wp-content\/uploads\/2015\/09\/m\u00f6bel-2-300x225.jpg 300w, https:\/\/huxlipux.de\/blog\/wp-content\/uploads\/2015\/09\/m\u00f6bel-2.jpg 1024w, https:\/\/huxlipux.de\/blog\/wp-content\/uploads\/2015\/09\/m\u00f6bel-2-350x263.jpg 350w\" sizes=\"auto, (max-width: 409px) 100vw, 409px\" \/><\/a>Susi beginnt mit dem Unterricht. Sie zeigt Bilder, auf denen verschiedene M\u00f6belst\u00fccke abgebildet sind und sagt dazu die Namen: Tisch, Stuhl, Sofa, Sessel&#8230; Dann bekommen alle Teilnehmer die Aufgabe, in Katrins Wohnung die M\u00f6bel zu suchen, die Susi ihnen nennt. Ali soll einen Tisch suchen.<a href=\"http:\/\/huxlipux.de\/blog\/wp-content\/uploads\/2015\/09\/IMG_8412.jpg\"><img loading=\"lazy\" decoding=\"async\" class=\"  wp-image-22548 aligncenter\" src=\"http:\/\/huxlipux.de\/blog\/wp-content\/uploads\/2015\/09\/IMG_8412-300x225.jpg\" alt=\"IMG_8412\" width=\"331\" height=\"248\" srcset=\"https:\/\/huxlipux.de\/blog\/wp-content\/uploads\/2015\/09\/IMG_8412-300x225.jpg 300w, https:\/\/huxlipux.de\/blog\/wp-content\/uploads\/2015\/09\/IMG_8412.jpg 1024w, https:\/\/huxlipux.de\/blog\/wp-content\/uploads\/2015\/09\/IMG_8412-350x263.jpg 350w\" sizes=\"auto, (max-width: 331px) 100vw, 331px\" \/><\/a>Er ist stolz, als er ihn findet. Dann soll Lavandine die T\u00fcr finden. &#8222;Hier ist sie&#8220;, ruft sie fr\u00f6hlich.<\/p>\n<p style=\"text-align: center;\"><a href=\"http:\/\/huxlipux.de\/blog\/wp-content\/uploads\/2015\/09\/IMG_8415.jpg\"><img loading=\"lazy\" decoding=\"async\" class=\"  wp-image-22549 aligncenter\" src=\"http:\/\/huxlipux.de\/blog\/wp-content\/uploads\/2015\/09\/IMG_8415-300x225.jpg\" alt=\"IMG_8415\" width=\"319\" height=\"239\" srcset=\"https:\/\/huxlipux.de\/blog\/wp-content\/uploads\/2015\/09\/IMG_8415-300x225.jpg 300w, https:\/\/huxlipux.de\/blog\/wp-content\/uploads\/2015\/09\/IMG_8415.jpg 1024w, https:\/\/huxlipux.de\/blog\/wp-content\/uploads\/2015\/09\/IMG_8415-350x263.jpg 350w\" sizes=\"auto, (max-width: 319px) 100vw, 319px\" \/><\/a>Louisa erh\u00e4lt den Auftrag, nach dem Schaukelstuhl zu suchen und siehe da- sie findet ihn sofort und schaukelt eine Weile darauf.<\/p>\n<p style=\"text-align: center;\"><a href=\"http:\/\/huxlipux.de\/blog\/wp-content\/uploads\/2015\/09\/IMG_8417.jpg\"><img loading=\"lazy\" decoding=\"async\" class=\"alignnone size-medium wp-image-22550\" src=\"http:\/\/huxlipux.de\/blog\/wp-content\/uploads\/2015\/09\/IMG_8417-300x225.jpg\" alt=\"IMG_8417\" width=\"300\" height=\"225\" srcset=\"https:\/\/huxlipux.de\/blog\/wp-content\/uploads\/2015\/09\/IMG_8417-300x225.jpg 300w, https:\/\/huxlipux.de\/blog\/wp-content\/uploads\/2015\/09\/IMG_8417.jpg 1024w, https:\/\/huxlipux.de\/blog\/wp-content\/uploads\/2015\/09\/IMG_8417-350x263.jpg 350w\" sizes=\"auto, (max-width: 300px) 100vw, 300px\" \/><\/a><\/p>\n<p style=\"text-align: left;\">Philipp freut sich, denn die Lampe hat genau so lange Beine wie er.<\/p>\n<p style=\"text-align: left;\"><a href=\"http:\/\/huxlipux.de\/blog\/wp-content\/uploads\/2015\/09\/admin-ajax.php_.jpg\"><img loading=\"lazy\" decoding=\"async\" class=\"  wp-image-22553 aligncenter\" src=\"http:\/\/huxlipux.de\/blog\/wp-content\/uploads\/2015\/09\/admin-ajax.php_-225x300.jpg\" alt=\"admin-ajax.php\" width=\"303\" height=\"404\" srcset=\"https:\/\/huxlipux.de\/blog\/wp-content\/uploads\/2015\/09\/admin-ajax.php_-225x300.jpg 225w, https:\/\/huxlipux.de\/blog\/wp-content\/uploads\/2015\/09\/admin-ajax.php_.jpg 300w\" sizes=\"auto, (max-width: 303px) 100vw, 303px\" \/><\/a>Alle Sch\u00fcler l\u00f6sen ihre Aufgabe gut. Die chinesischen Zwillinge finden das Klavier und spielen ein vierh\u00e4ndiges St\u00fcck vor. Sunny findet den Sessel.<\/p>\n<p style=\"text-align: left;\"><a href=\"http:\/\/huxlipux.de\/blog\/wp-content\/uploads\/2015\/09\/IMG_8418.jpg\"><img loading=\"lazy\" decoding=\"async\" class=\"  wp-image-22554 aligncenter\" src=\"http:\/\/huxlipux.de\/blog\/wp-content\/uploads\/2015\/09\/IMG_8418-300x225.jpg\" alt=\"IMG_8418\" width=\"352\" height=\"264\" srcset=\"https:\/\/huxlipux.de\/blog\/wp-content\/uploads\/2015\/09\/IMG_8418-300x225.jpg 300w, https:\/\/huxlipux.de\/blog\/wp-content\/uploads\/2015\/09\/IMG_8418.jpg 1024w, https:\/\/huxlipux.de\/blog\/wp-content\/uploads\/2015\/09\/IMG_8418-350x263.jpg 350w\" sizes=\"auto, (max-width: 352px) 100vw, 352px\" \/><\/a><a href=\"http:\/\/huxlipux.de\/blog\/wp-content\/uploads\/2015\/09\/IMG_8416.jpg\"><img loading=\"lazy\" decoding=\"async\" class=\"  wp-image-22555 aligncenter\" src=\"http:\/\/huxlipux.de\/blog\/wp-content\/uploads\/2015\/09\/IMG_8416-300x225.jpg\" alt=\"IMG_8416\" width=\"353\" height=\"264\" srcset=\"https:\/\/huxlipux.de\/blog\/wp-content\/uploads\/2015\/09\/IMG_8416-300x225.jpg 300w, https:\/\/huxlipux.de\/blog\/wp-content\/uploads\/2015\/09\/IMG_8416.jpg 1024w, https:\/\/huxlipux.de\/blog\/wp-content\/uploads\/2015\/09\/IMG_8416-350x263.jpg 350w\" sizes=\"auto, (max-width: 353px) 100vw, 353px\" \/><\/a><\/p>\n<p style=\"text-align: left;\">Aber wo ist Saida mit ihrem Baby? Sie sollte doch das Sofa suchen. Oh, da liegt sie und kann nicht aufstehen, weil das Baby eingeschlafen ist. &#8222;Wir m\u00fcssen unbedingt eine Betreuung f\u00fcr das Kleine suchen,&#8220;meint Susi, damit Saida in Ruhe Deutsch lernen kann.<\/p>\n<p style=\"text-align: center;\"><a href=\"http:\/\/huxlipux.de\/blog\/wp-content\/uploads\/2015\/09\/IMG_8420.jpg\"><img loading=\"lazy\" decoding=\"async\" class=\"alignnone size-medium wp-image-22557\" src=\"http:\/\/huxlipux.de\/blog\/wp-content\/uploads\/2015\/09\/IMG_8420-300x225.jpg\" alt=\"IMG_8420\" width=\"300\" height=\"225\" srcset=\"https:\/\/huxlipux.de\/blog\/wp-content\/uploads\/2015\/09\/IMG_8420-300x225.jpg 300w, https:\/\/huxlipux.de\/blog\/wp-content\/uploads\/2015\/09\/IMG_8420.jpg 1024w, https:\/\/huxlipux.de\/blog\/wp-content\/uploads\/2015\/09\/IMG_8420-350x263.jpg 350w\" sizes=\"auto, (max-width: 300px) 100vw, 300px\" \/><\/a><\/p>\n<p style=\"text-align: left;\">Und wo ist Maria, die neue Sch\u00fclerin? Weil sie so klein ist, h\u00e4tte Susi sie fast \u00fcbersehen. Aber dann findet sie sie doch. Wisst ihr, was sie gesucht hat?<\/p>\n<p style=\"text-align: center;\"><a href=\"http:\/\/huxlipux.de\/blog\/wp-content\/uploads\/2015\/09\/IMG_8421.jpg\"><img loading=\"lazy\" decoding=\"async\" class=\"alignnone  wp-image-22556\" src=\"http:\/\/huxlipux.de\/blog\/wp-content\/uploads\/2015\/09\/IMG_8421-300x225.jpg\" alt=\"IMG_8421\" width=\"331\" height=\"248\" srcset=\"https:\/\/huxlipux.de\/blog\/wp-content\/uploads\/2015\/09\/IMG_8421-300x225.jpg 300w, https:\/\/huxlipux.de\/blog\/wp-content\/uploads\/2015\/09\/IMG_8421.jpg 1024w, https:\/\/huxlipux.de\/blog\/wp-content\/uploads\/2015\/09\/IMG_8421-350x263.jpg 350w\" sizes=\"auto, (max-width: 331px) 100vw, 331px\" \/><\/a><\/p>\n<p style=\"text-align: left;\">\n","protected":false},"excerpt":{"rendered":"<p class=\"excerpt\">Heute lernen die Teilnehmer im Deutschkurs die Namen der M\u00f6bel kennen. Doch zun\u00e4chst stellt Susi eine neue Teilnehmerin vor. Sie hei\u00dft Maria und kommt aus Cuba. Die anderen nehmen sie&hellip; <span class=\"more-link\">more<\/span><\/p>\n","protected":false},"author":5,"featured_media":0,"comment_status":"open","ping_status":"open","sticky":false,"template":"","format":"standard","meta":{"footnotes":""},"categories":[27],"tags":[],"class_list":["post-22545","post","type-post","status-publish","format-standard","hentry","category-sprachkurse-bei-susi-und-katrin"],"yoast_head":"<!-- This site is optimized with the Yoast SEO plugin v26.9 - https:\/\/yoast.com\/product\/yoast-seo-wordpress\/ -->\n<title>Wie hei\u00dfen die M\u00f6bel? - Huxlipux.de<\/title>\n<meta name=\"robots\" content=\"index, follow, max-snippet:-1, max-image-preview:large, max-video-preview:-1\" \/>\n<link rel=\"canonical\" href=\"https:\/\/huxlipux.de\/blog\/2015\/09\/wie-heissen-die-moebel\/\" \/>\n<meta property=\"og:locale\" content=\"de_DE\" \/>\n<meta property=\"og:type\" content=\"article\" \/>\n<meta property=\"og:title\" content=\"Wie hei\u00dfen die M\u00f6bel? - Huxlipux.de\" \/>\n<meta property=\"og:description\" content=\"Heute lernen die Teilnehmer im Deutschkurs die Namen der M\u00f6bel kennen. Doch zun\u00e4chst stellt Susi eine neue Teilnehmerin vor. Sie hei\u00dft Maria und kommt aus Cuba. Die anderen nehmen sie&hellip; more\" \/>\n<meta property=\"og:url\" content=\"https:\/\/huxlipux.de\/blog\/2015\/09\/wie-heissen-die-moebel\/\" \/>\n<meta property=\"og:site_name\" content=\"Huxlipux.de\" \/>\n<meta property=\"article:published_time\" content=\"2015-09-07T16:38:29+00:00\" \/>\n<meta property=\"article:modified_time\" content=\"2015-09-07T16:42:17+00:00\" \/>\n<meta property=\"og:image\" content=\"http:\/\/huxlipux.de\/blog\/wp-content\/uploads\/2015\/09\/IMG_8412-300x225.jpg\" \/>\n<meta name=\"author\" content=\"Katrin Schrader\" \/>\n<meta name=\"twitter:label1\" content=\"Verfasst von\" \/>\n\t<meta name=\"twitter:data1\" content=\"Katrin Schrader\" \/>\n\t<meta name=\"twitter:label2\" content=\"Gesch\u00e4tzte Lesezeit\" \/>\n\t<meta name=\"twitter:data2\" content=\"1\u00a0Minute\" \/>\n<script type=\"application\/ld+json\" class=\"yoast-schema-graph\">{\"@context\":\"https:\/\/schema.org\",\"@graph\":[{\"@type\":\"Article\",\"@id\":\"https:\/\/huxlipux.de\/blog\/2015\/09\/wie-heissen-die-moebel\/#article\",\"isPartOf\":{\"@id\":\"https:\/\/huxlipux.de\/blog\/2015\/09\/wie-heissen-die-moebel\/\"},\"author\":{\"name\":\"Katrin Schrader\",\"@id\":\"https:\/\/huxlipux.de\/blog\/#\/schema\/person\/b8c65484f194a2d6f784a4a0e448bcb1\"},\"headline\":\"Wie hei\u00dfen die M\u00f6bel?\",\"datePublished\":\"2015-09-07T16:38:29+00:00\",\"dateModified\":\"2015-09-07T16:42:17+00:00\",\"mainEntityOfPage\":{\"@id\":\"https:\/\/huxlipux.de\/blog\/2015\/09\/wie-heissen-die-moebel\/\"},\"wordCount\":261,\"commentCount\":0,\"image\":{\"@id\":\"https:\/\/huxlipux.de\/blog\/2015\/09\/wie-heissen-die-moebel\/#primaryimage\"},\"thumbnailUrl\":\"http:\/\/huxlipux.de\/blog\/wp-content\/uploads\/2015\/09\/IMG_8412-300x225.jpg\",\"articleSection\":[\"Sprachkurse bei Susi und Katrin\"],\"inLanguage\":\"de\",\"potentialAction\":[{\"@type\":\"CommentAction\",\"name\":\"Comment\",\"target\":[\"https:\/\/huxlipux.de\/blog\/2015\/09\/wie-heissen-die-moebel\/#respond\"]}]},{\"@type\":\"WebPage\",\"@id\":\"https:\/\/huxlipux.de\/blog\/2015\/09\/wie-heissen-die-moebel\/\",\"url\":\"https:\/\/huxlipux.de\/blog\/2015\/09\/wie-heissen-die-moebel\/\",\"name\":\"Wie hei\u00dfen die M\u00f6bel? - Huxlipux.de\",\"isPartOf\":{\"@id\":\"https:\/\/huxlipux.de\/blog\/#website\"},\"primaryImageOfPage\":{\"@id\":\"https:\/\/huxlipux.de\/blog\/2015\/09\/wie-heissen-die-moebel\/#primaryimage\"},\"image\":{\"@id\":\"https:\/\/huxlipux.de\/blog\/2015\/09\/wie-heissen-die-moebel\/#primaryimage\"},\"thumbnailUrl\":\"http:\/\/huxlipux.de\/blog\/wp-content\/uploads\/2015\/09\/IMG_8412-300x225.jpg\",\"datePublished\":\"2015-09-07T16:38:29+00:00\",\"dateModified\":\"2015-09-07T16:42:17+00:00\",\"author\":{\"@id\":\"https:\/\/huxlipux.de\/blog\/#\/schema\/person\/b8c65484f194a2d6f784a4a0e448bcb1\"},\"breadcrumb\":{\"@id\":\"https:\/\/huxlipux.de\/blog\/2015\/09\/wie-heissen-die-moebel\/#breadcrumb\"},\"inLanguage\":\"de\",\"potentialAction\":[{\"@type\":\"ReadAction\",\"target\":[\"https:\/\/huxlipux.de\/blog\/2015\/09\/wie-heissen-die-moebel\/\"]}]},{\"@type\":\"ImageObject\",\"inLanguage\":\"de\",\"@id\":\"https:\/\/huxlipux.de\/blog\/2015\/09\/wie-heissen-die-moebel\/#primaryimage\",\"url\":\"http:\/\/huxlipux.de\/blog\/wp-content\/uploads\/2015\/09\/IMG_8412-300x225.jpg\",\"contentUrl\":\"http:\/\/huxlipux.de\/blog\/wp-content\/uploads\/2015\/09\/IMG_8412-300x225.jpg\"},{\"@type\":\"BreadcrumbList\",\"@id\":\"https:\/\/huxlipux.de\/blog\/2015\/09\/wie-heissen-die-moebel\/#breadcrumb\",\"itemListElement\":[{\"@type\":\"ListItem\",\"position\":1,\"name\":\"Home\",\"item\":\"https:\/\/huxlipux.de\/blog\/\"},{\"@type\":\"ListItem\",\"position\":2,\"name\":\"Wie hei\u00dfen die M\u00f6bel?\"}]},{\"@type\":\"WebSite\",\"@id\":\"https:\/\/huxlipux.de\/blog\/#website\",\"url\":\"https:\/\/huxlipux.de\/blog\/\",\"name\":\"Huxlipux.de\",\"description\":\"Kinder-Geschichten Blog f\u00fcr Kinder von 3 bis 99\",\"potentialAction\":[{\"@type\":\"SearchAction\",\"target\":{\"@type\":\"EntryPoint\",\"urlTemplate\":\"https:\/\/huxlipux.de\/blog\/?s={search_term_string}\"},\"query-input\":{\"@type\":\"PropertyValueSpecification\",\"valueRequired\":true,\"valueName\":\"search_term_string\"}}],\"inLanguage\":\"de\"},{\"@type\":\"Person\",\"@id\":\"https:\/\/huxlipux.de\/blog\/#\/schema\/person\/b8c65484f194a2d6f784a4a0e448bcb1\",\"name\":\"Katrin Schrader\",\"url\":\"https:\/\/huxlipux.de\/blog\/author\/katrin\/\"}]}<\/script>\n<!-- \/ Yoast SEO plugin. -->","yoast_head_json":{"title":"Wie hei\u00dfen die M\u00f6bel? - Huxlipux.de","robots":{"index":"index","follow":"follow","max-snippet":"max-snippet:-1","max-image-preview":"max-image-preview:large","max-video-preview":"max-video-preview:-1"},"canonical":"https:\/\/huxlipux.de\/blog\/2015\/09\/wie-heissen-die-moebel\/","og_locale":"de_DE","og_type":"article","og_title":"Wie hei\u00dfen die M\u00f6bel? - Huxlipux.de","og_description":"Heute lernen die Teilnehmer im Deutschkurs die Namen der M\u00f6bel kennen. Doch zun\u00e4chst stellt Susi eine neue Teilnehmerin vor. Sie hei\u00dft Maria und kommt aus Cuba. Die anderen nehmen sie&hellip; more","og_url":"https:\/\/huxlipux.de\/blog\/2015\/09\/wie-heissen-die-moebel\/","og_site_name":"Huxlipux.de","article_published_time":"2015-09-07T16:38:29+00:00","article_modified_time":"2015-09-07T16:42:17+00:00","og_image":[{"url":"http:\/\/huxlipux.de\/blog\/wp-content\/uploads\/2015\/09\/IMG_8412-300x225.jpg","type":"","width":"","height":""}],"author":"Katrin Schrader","twitter_misc":{"Verfasst von":"Katrin Schrader","Gesch\u00e4tzte Lesezeit":"1\u00a0Minute"},"schema":{"@context":"https:\/\/schema.org","@graph":[{"@type":"Article","@id":"https:\/\/huxlipux.de\/blog\/2015\/09\/wie-heissen-die-moebel\/#article","isPartOf":{"@id":"https:\/\/huxlipux.de\/blog\/2015\/09\/wie-heissen-die-moebel\/"},"author":{"name":"Katrin Schrader","@id":"https:\/\/huxlipux.de\/blog\/#\/schema\/person\/b8c65484f194a2d6f784a4a0e448bcb1"},"headline":"Wie hei\u00dfen die M\u00f6bel?","datePublished":"2015-09-07T16:38:29+00:00","dateModified":"2015-09-07T16:42:17+00:00","mainEntityOfPage":{"@id":"https:\/\/huxlipux.de\/blog\/2015\/09\/wie-heissen-die-moebel\/"},"wordCount":261,"commentCount":0,"image":{"@id":"https:\/\/huxlipux.de\/blog\/2015\/09\/wie-heissen-die-moebel\/#primaryimage"},"thumbnailUrl":"http:\/\/huxlipux.de\/blog\/wp-content\/uploads\/2015\/09\/IMG_8412-300x225.jpg","articleSection":["Sprachkurse bei Susi und Katrin"],"inLanguage":"de","potentialAction":[{"@type":"CommentAction","name":"Comment","target":["https:\/\/huxlipux.de\/blog\/2015\/09\/wie-heissen-die-moebel\/#respond"]}]},{"@type":"WebPage","@id":"https:\/\/huxlipux.de\/blog\/2015\/09\/wie-heissen-die-moebel\/","url":"https:\/\/huxlipux.de\/blog\/2015\/09\/wie-heissen-die-moebel\/","name":"Wie hei\u00dfen die M\u00f6bel? - Huxlipux.de","isPartOf":{"@id":"https:\/\/huxlipux.de\/blog\/#website"},"primaryImageOfPage":{"@id":"https:\/\/huxlipux.de\/blog\/2015\/09\/wie-heissen-die-moebel\/#primaryimage"},"image":{"@id":"https:\/\/huxlipux.de\/blog\/2015\/09\/wie-heissen-die-moebel\/#primaryimage"},"thumbnailUrl":"http:\/\/huxlipux.de\/blog\/wp-content\/uploads\/2015\/09\/IMG_8412-300x225.jpg","datePublished":"2015-09-07T16:38:29+00:00","dateModified":"2015-09-07T16:42:17+00:00","author":{"@id":"https:\/\/huxlipux.de\/blog\/#\/schema\/person\/b8c65484f194a2d6f784a4a0e448bcb1"},"breadcrumb":{"@id":"https:\/\/huxlipux.de\/blog\/2015\/09\/wie-heissen-die-moebel\/#breadcrumb"},"inLanguage":"de","potentialAction":[{"@type":"ReadAction","target":["https:\/\/huxlipux.de\/blog\/2015\/09\/wie-heissen-die-moebel\/"]}]},{"@type":"ImageObject","inLanguage":"de","@id":"https:\/\/huxlipux.de\/blog\/2015\/09\/wie-heissen-die-moebel\/#primaryimage","url":"http:\/\/huxlipux.de\/blog\/wp-content\/uploads\/2015\/09\/IMG_8412-300x225.jpg","contentUrl":"http:\/\/huxlipux.de\/blog\/wp-content\/uploads\/2015\/09\/IMG_8412-300x225.jpg"},{"@type":"BreadcrumbList","@id":"https:\/\/huxlipux.de\/blog\/2015\/09\/wie-heissen-die-moebel\/#breadcrumb","itemListElement":[{"@type":"ListItem","position":1,"name":"Home","item":"https:\/\/huxlipux.de\/blog\/"},{"@type":"ListItem","position":2,"name":"Wie hei\u00dfen die M\u00f6bel?"}]},{"@type":"WebSite","@id":"https:\/\/huxlipux.de\/blog\/#website","url":"https:\/\/huxlipux.de\/blog\/","name":"Huxlipux.de","description":"Kinder-Geschichten Blog f\u00fcr Kinder von 3 bis 99","potentialAction":[{"@type":"SearchAction","target":{"@type":"EntryPoint","urlTemplate":"https:\/\/huxlipux.de\/blog\/?s={search_term_string}"},"query-input":{"@type":"PropertyValueSpecification","valueRequired":true,"valueName":"search_term_string"}}],"inLanguage":"de"},{"@type":"Person","@id":"https:\/\/huxlipux.de\/blog\/#\/schema\/person\/b8c65484f194a2d6f784a4a0e448bcb1","name":"Katrin Schrader","url":"https:\/\/huxlipux.de\/blog\/author\/katrin\/"}]}},"_links":{"self":[{"href":"https:\/\/huxlipux.de\/blog\/wp-json\/wp\/v2\/posts\/22545","targetHints":{"allow":["GET"]}}],"collection":[{"href":"https:\/\/huxlipux.de\/blog\/wp-json\/wp\/v2\/posts"}],"about":[{"href":"https:\/\/huxlipux.de\/blog\/wp-json\/wp\/v2\/types\/post"}],"author":[{"embeddable":true,"href":"https:\/\/huxlipux.de\/blog\/wp-json\/wp\/v2\/users\/5"}],"replies":[{"embeddable":true,"href":"https:\/\/huxlipux.de\/blog\/wp-json\/wp\/v2\/comments?post=22545"}],"version-history":[{"count":4,"href":"https:\/\/huxlipux.de\/blog\/wp-json\/wp\/v2\/posts\/22545\/revisions"}],"predecessor-version":[{"id":22561,"href":"https:\/\/huxlipux.de\/blog\/wp-json\/wp\/v2\/posts\/22545\/revisions\/22561"}],"wp:attachment":[{"href":"https:\/\/huxlipux.de\/blog\/wp-json\/wp\/v2\/media?parent=22545"}],"wp:term":[{"taxonomy":"category","embeddable":true,"href":"https:\/\/huxlipux.de\/blog\/wp-json\/wp\/v2\/categories?post=22545"},{"taxonomy":"post_tag","embeddable":true,"href":"https:\/\/huxlipux.de\/blog\/wp-json\/wp\/v2\/tags?post=22545"}],"curies":[{"name":"wp","href":"https:\/\/api.w.org\/{rel}","templated":true}]}}