{"id":20157,"date":"2014-12-04T12:24:03","date_gmt":"2014-12-04T11:24:03","guid":{"rendered":"http:\/\/huxlipux.de\/blog\/?p=20157"},"modified":"2014-12-04T17:57:46","modified_gmt":"2014-12-04T16:57:46","slug":"mit-susi-im-erzgebirge","status":"publish","type":"post","link":"https:\/\/huxlipux.de\/blog\/2014\/12\/mit-susi-im-erzgebirge\/","title":{"rendered":"Mit Susi im Erzgebirge"},"content":{"rendered":"<p><a href=\"http:\/\/huxlipux.de\/blog\/wp-content\/uploads\/2014\/12\/5555Susi-nach-dem-Erzgebirge-2.jpg\"><img loading=\"lazy\" decoding=\"async\" class=\"aligncenter size-medium wp-image-20158\" src=\"http:\/\/huxlipux.de\/blog\/wp-content\/uploads\/2014\/12\/5555Susi-nach-dem-Erzgebirge-2-300x225.jpg\" alt=\"5555Susi nach dem Erzgebirge 2\" width=\"300\" height=\"225\" srcset=\"https:\/\/huxlipux.de\/blog\/wp-content\/uploads\/2014\/12\/5555Susi-nach-dem-Erzgebirge-2-300x225.jpg 300w, https:\/\/huxlipux.de\/blog\/wp-content\/uploads\/2014\/12\/5555Susi-nach-dem-Erzgebirge-2-350x262.jpg 350w, https:\/\/huxlipux.de\/blog\/wp-content\/uploads\/2014\/12\/5555Susi-nach-dem-Erzgebirge-2.jpg 1024w\" sizes=\"auto, (max-width: 300px) 100vw, 300px\" \/><\/a> Karin hat Susi im Auto mitgenommen. Susi freut sich schon auf den Weihnachtsmarkt, auf dem es so lecker duftet.<a href=\"http:\/\/huxlipux.de\/blog\/wp-content\/uploads\/2014\/12\/5555Susi-mit-Karin-im-Auto.jpg\"><img loading=\"lazy\" decoding=\"async\" class=\"aligncenter size-medium wp-image-20161\" src=\"http:\/\/huxlipux.de\/blog\/wp-content\/uploads\/2014\/12\/5555Susi-mit-Karin-im-Auto-300x225.jpg\" alt=\"5555Susi mit Karin im Auto\" width=\"300\" height=\"225\" srcset=\"https:\/\/huxlipux.de\/blog\/wp-content\/uploads\/2014\/12\/5555Susi-mit-Karin-im-Auto-300x225.jpg 300w, https:\/\/huxlipux.de\/blog\/wp-content\/uploads\/2014\/12\/5555Susi-mit-Karin-im-Auto-350x262.jpg 350w, https:\/\/huxlipux.de\/blog\/wp-content\/uploads\/2014\/12\/5555Susi-mit-Karin-im-Auto.jpg 1024w\" sizes=\"auto, (max-width: 300px) 100vw, 300px\" \/><\/a><\/p>\n<p><a href=\"http:\/\/huxlipux.de\/blog\/wp-content\/uploads\/2014\/12\/5555weihnachtsmarkt11.jpg\"><img loading=\"lazy\" decoding=\"async\" class=\"aligncenter size-medium wp-image-20159\" src=\"http:\/\/huxlipux.de\/blog\/wp-content\/uploads\/2014\/12\/5555weihnachtsmarkt11-300x209.jpg\" alt=\"5555weihnachtsmarkt1\" width=\"300\" height=\"209\" srcset=\"https:\/\/huxlipux.de\/blog\/wp-content\/uploads\/2014\/12\/5555weihnachtsmarkt11-300x209.jpg 300w, https:\/\/huxlipux.de\/blog\/wp-content\/uploads\/2014\/12\/5555weihnachtsmarkt11-350x244.jpg 350w, https:\/\/huxlipux.de\/blog\/wp-content\/uploads\/2014\/12\/5555weihnachtsmarkt11.jpg 1024w\" sizes=\"auto, (max-width: 300px) 100vw, 300px\" \/><\/a>Schnell wird es dunkel, und die vielen Sterne glitzern und blinken \u00fcberall und wir sind gespannt, was Susi so alles zu sehen bekommt.<a href=\"http:\/\/huxlipux.de\/blog\/wp-content\/uploads\/2014\/12\/5555Susi-bei-den-Lichtern5.jpg\"><img loading=\"lazy\" decoding=\"async\" class=\"aligncenter size-medium wp-image-20160\" src=\"http:\/\/huxlipux.de\/blog\/wp-content\/uploads\/2014\/12\/5555Susi-bei-den-Lichtern5-300x225.jpg\" alt=\"5555Susi bei den Lichtern5\" width=\"300\" height=\"225\" srcset=\"https:\/\/huxlipux.de\/blog\/wp-content\/uploads\/2014\/12\/5555Susi-bei-den-Lichtern5-300x225.jpg 300w, https:\/\/huxlipux.de\/blog\/wp-content\/uploads\/2014\/12\/5555Susi-bei-den-Lichtern5-350x262.jpg 350w, https:\/\/huxlipux.de\/blog\/wp-content\/uploads\/2014\/12\/5555Susi-bei-den-Lichtern5.jpg 1024w\" sizes=\"auto, (max-width: 300px) 100vw, 300px\" \/><\/a>Susi w\u00fcrde gern so ein H\u00e4uschen, in das man eine Kerze stellen kann, f\u00fcr Hasenoma mitnehmen. Karin hat sie sch\u00f6n warm eingemummelt.<a href=\"http:\/\/huxlipux.de\/blog\/wp-content\/uploads\/2014\/12\/5555was-gibts-denn-hier-6.jpg\"><img loading=\"lazy\" decoding=\"async\" class=\"aligncenter size-medium wp-image-20162\" src=\"http:\/\/huxlipux.de\/blog\/wp-content\/uploads\/2014\/12\/5555was-gibts-denn-hier-6-300x225.jpg\" alt=\"5555was gibts denn hier 6\" width=\"300\" height=\"225\" srcset=\"https:\/\/huxlipux.de\/blog\/wp-content\/uploads\/2014\/12\/5555was-gibts-denn-hier-6-300x225.jpg 300w, https:\/\/huxlipux.de\/blog\/wp-content\/uploads\/2014\/12\/5555was-gibts-denn-hier-6-350x262.jpg 350w, https:\/\/huxlipux.de\/blog\/wp-content\/uploads\/2014\/12\/5555was-gibts-denn-hier-6.jpg 1024w\" sizes=\"auto, (max-width: 300px) 100vw, 300px\" \/><\/a>Hier gibt es was Warmes zu trinken. Kinderpunsch! Aus warmer Zitrone mit einem Schuss Himbeersaft.<a href=\"http:\/\/huxlipux.de\/blog\/wp-content\/uploads\/2014\/12\/5555Oh-schaukeln-susi-3.jpg\"><img loading=\"lazy\" decoding=\"async\" class=\"aligncenter size-medium wp-image-20163\" src=\"http:\/\/huxlipux.de\/blog\/wp-content\/uploads\/2014\/12\/5555Oh-schaukeln-susi-3-300x225.jpg\" alt=\"5555Oh schaukeln susi 3\" width=\"300\" height=\"225\" srcset=\"https:\/\/huxlipux.de\/blog\/wp-content\/uploads\/2014\/12\/5555Oh-schaukeln-susi-3-300x225.jpg 300w, https:\/\/huxlipux.de\/blog\/wp-content\/uploads\/2014\/12\/5555Oh-schaukeln-susi-3-350x262.jpg 350w, https:\/\/huxlipux.de\/blog\/wp-content\/uploads\/2014\/12\/5555Oh-schaukeln-susi-3.jpg 1024w\" sizes=\"auto, (max-width: 300px) 100vw, 300px\" \/><\/a>Auf jedem Weihnachtsmarkt gibt es auch Karussells oder Schaukeln. Susi m\u00f6chte nicht schaukeln, ihr wird davon schwindlig.<a href=\"http:\/\/huxlipux.de\/blog\/wp-content\/uploads\/2014\/12\/5555kandierte-\u00c4pfel4.jpg\"><img loading=\"lazy\" decoding=\"async\" class=\"aligncenter size-medium wp-image-20164\" src=\"http:\/\/huxlipux.de\/blog\/wp-content\/uploads\/2014\/12\/5555kandierte-\u00c4pfel4-300x225.jpg\" alt=\"5555kandierte \u00c4pfel4\" width=\"300\" height=\"225\" srcset=\"https:\/\/huxlipux.de\/blog\/wp-content\/uploads\/2014\/12\/5555kandierte-\u00c4pfel4-300x225.jpg 300w, https:\/\/huxlipux.de\/blog\/wp-content\/uploads\/2014\/12\/5555kandierte-\u00c4pfel4-350x262.jpg 350w, https:\/\/huxlipux.de\/blog\/wp-content\/uploads\/2014\/12\/5555kandierte-\u00c4pfel4.jpg 1024w\" sizes=\"auto, (max-width: 300px) 100vw, 300px\" \/><\/a>Hm. Kandierte \u00c4pfel und gebrannte Mandeln. Schnell mal ein paar in den Mund stecken? Geht nicht, Glasscheibe sitzt davor.<a href=\"http:\/\/huxlipux.de\/blog\/wp-content\/uploads\/2014\/12\/5555Kinder-backen-Schluss.jpg\"><img loading=\"lazy\" decoding=\"async\" class=\"aligncenter size-medium wp-image-20165\" src=\"http:\/\/huxlipux.de\/blog\/wp-content\/uploads\/2014\/12\/5555Kinder-backen-Schluss-300x225.jpg\" alt=\"5555Kinder backen Schluss\" width=\"300\" height=\"225\" srcset=\"https:\/\/huxlipux.de\/blog\/wp-content\/uploads\/2014\/12\/5555Kinder-backen-Schluss-300x225.jpg 300w, https:\/\/huxlipux.de\/blog\/wp-content\/uploads\/2014\/12\/5555Kinder-backen-Schluss-350x262.jpg 350w, https:\/\/huxlipux.de\/blog\/wp-content\/uploads\/2014\/12\/5555Kinder-backen-Schluss.jpg 1024w\" sizes=\"auto, (max-width: 300px) 100vw, 300px\" \/><\/a>Oh, eine Kinderbackstube. So Kleine werden auf eine Kiste gestellt. Und jeder, der backt, muss ein wei\u00dfes M\u00fctzchen aufsetzen.<a href=\"http:\/\/huxlipux.de\/blog\/wp-content\/uploads\/2014\/11\/5555Kind-mit-Weihnachtsmann.jpg\"><img loading=\"lazy\" decoding=\"async\" class=\"aligncenter size-medium wp-image-20104\" src=\"http:\/\/huxlipux.de\/blog\/wp-content\/uploads\/2014\/11\/5555Kind-mit-Weihnachtsmann-168x300.jpg\" alt=\"5555Kind mit Weihnachtsmann\" width=\"168\" height=\"300\" srcset=\"https:\/\/huxlipux.de\/blog\/wp-content\/uploads\/2014\/11\/5555Kind-mit-Weihnachtsmann-168x300.jpg 168w, https:\/\/huxlipux.de\/blog\/wp-content\/uploads\/2014\/11\/5555Kind-mit-Weihnachtsmann.jpg 307w\" sizes=\"auto, (max-width: 168px) 100vw, 168px\" \/><\/a>Und ein Geschenk f\u00fcr Oma: Das Foto vom Weihnachtsmann mit einem ihrer Enkel auf dem Scho\u00df. M\u00fctter warten mit ihren kleinen Zappelkindern geduldig, bis sie &#8222;dran&#8220; sind.<br \/>\nSusi will kein solches Foto. Schnell rennt sie zu Lothar ins Auto zur\u00fcck.<\/p>\n<p>Idee und Fotos: Karin Kettmann<\/p>\n","protected":false},"excerpt":{"rendered":"<p class=\"excerpt\">Karin hat Susi im Auto mitgenommen. Susi freut sich schon auf den Weihnachtsmarkt, auf dem es so lecker duftet. Schnell wird es dunkel, und die vielen Sterne glitzern und blinken&hellip; <span class=\"more-link\">more<\/span><\/p>\n","protected":false},"author":2,"featured_media":0,"comment_status":"open","ping_status":"open","sticky":false,"template":"","format":"standard","meta":{"footnotes":""},"categories":[22],"tags":[],"class_list":["post-20157","post","type-post","status-publish","format-standard","hentry","category-reisen"],"yoast_head":"<!-- This site is optimized with the Yoast SEO plugin v26.9 - https:\/\/yoast.com\/product\/yoast-seo-wordpress\/ -->\n<title>Mit Susi im Erzgebirge - Huxlipux.de<\/title>\n<meta name=\"robots\" content=\"index, follow, max-snippet:-1, max-image-preview:large, max-video-preview:-1\" \/>\n<link rel=\"canonical\" href=\"https:\/\/huxlipux.de\/blog\/2014\/12\/mit-susi-im-erzgebirge\/\" \/>\n<meta property=\"og:locale\" content=\"de_DE\" \/>\n<meta property=\"og:type\" content=\"article\" \/>\n<meta property=\"og:title\" content=\"Mit Susi im Erzgebirge - Huxlipux.de\" \/>\n<meta property=\"og:description\" content=\"Karin hat Susi im Auto mitgenommen. Susi freut sich schon auf den Weihnachtsmarkt, auf dem es so lecker duftet. Schnell wird es dunkel, und die vielen Sterne glitzern und blinken&hellip; more\" \/>\n<meta property=\"og:url\" content=\"https:\/\/huxlipux.de\/blog\/2014\/12\/mit-susi-im-erzgebirge\/\" \/>\n<meta property=\"og:site_name\" content=\"Huxlipux.de\" \/>\n<meta property=\"article:published_time\" content=\"2014-12-04T11:24:03+00:00\" \/>\n<meta property=\"article:modified_time\" content=\"2014-12-04T16:57:46+00:00\" \/>\n<meta property=\"og:image\" content=\"https:\/\/huxlipux.de\/blog\/wp-content\/uploads\/2014\/12\/5555Susi-nach-dem-Erzgebirge-2.jpg\" \/>\n\t<meta property=\"og:image:width\" content=\"1024\" \/>\n\t<meta property=\"og:image:height\" content=\"768\" \/>\n\t<meta property=\"og:image:type\" content=\"image\/jpeg\" \/>\n<meta name=\"author\" content=\"Ursula B\u00f6hnke-Kuckhoff\" \/>\n<meta name=\"twitter:label1\" content=\"Verfasst von\" \/>\n\t<meta name=\"twitter:data1\" content=\"Ursula B\u00f6hnke-Kuckhoff\" \/>\n\t<meta name=\"twitter:label2\" content=\"Gesch\u00e4tzte Lesezeit\" \/>\n\t<meta name=\"twitter:data2\" content=\"1\u00a0Minute\" \/>\n<script type=\"application\/ld+json\" class=\"yoast-schema-graph\">{\"@context\":\"https:\/\/schema.org\",\"@graph\":[{\"@type\":\"Article\",\"@id\":\"https:\/\/huxlipux.de\/blog\/2014\/12\/mit-susi-im-erzgebirge\/#article\",\"isPartOf\":{\"@id\":\"https:\/\/huxlipux.de\/blog\/2014\/12\/mit-susi-im-erzgebirge\/\"},\"author\":{\"name\":\"Ursula B\u00f6hnke-Kuckhoff\",\"@id\":\"https:\/\/huxlipux.de\/blog\/#\/schema\/person\/f2a857fac0c9223e32b50adc8a05fa1f\"},\"headline\":\"Mit Susi im Erzgebirge\",\"datePublished\":\"2014-12-04T11:24:03+00:00\",\"dateModified\":\"2014-12-04T16:57:46+00:00\",\"mainEntityOfPage\":{\"@id\":\"https:\/\/huxlipux.de\/blog\/2014\/12\/mit-susi-im-erzgebirge\/\"},\"wordCount\":193,\"commentCount\":0,\"image\":{\"@id\":\"https:\/\/huxlipux.de\/blog\/2014\/12\/mit-susi-im-erzgebirge\/#primaryimage\"},\"thumbnailUrl\":\"http:\/\/huxlipux.de\/blog\/wp-content\/uploads\/2014\/12\/5555Susi-nach-dem-Erzgebirge-2-300x225.jpg\",\"articleSection\":[\"Reisen\"],\"inLanguage\":\"de\",\"potentialAction\":[{\"@type\":\"CommentAction\",\"name\":\"Comment\",\"target\":[\"https:\/\/huxlipux.de\/blog\/2014\/12\/mit-susi-im-erzgebirge\/#respond\"]}]},{\"@type\":\"WebPage\",\"@id\":\"https:\/\/huxlipux.de\/blog\/2014\/12\/mit-susi-im-erzgebirge\/\",\"url\":\"https:\/\/huxlipux.de\/blog\/2014\/12\/mit-susi-im-erzgebirge\/\",\"name\":\"Mit Susi im Erzgebirge - Huxlipux.de\",\"isPartOf\":{\"@id\":\"https:\/\/huxlipux.de\/blog\/#website\"},\"primaryImageOfPage\":{\"@id\":\"https:\/\/huxlipux.de\/blog\/2014\/12\/mit-susi-im-erzgebirge\/#primaryimage\"},\"image\":{\"@id\":\"https:\/\/huxlipux.de\/blog\/2014\/12\/mit-susi-im-erzgebirge\/#primaryimage\"},\"thumbnailUrl\":\"http:\/\/huxlipux.de\/blog\/wp-content\/uploads\/2014\/12\/5555Susi-nach-dem-Erzgebirge-2-300x225.jpg\",\"datePublished\":\"2014-12-04T11:24:03+00:00\",\"dateModified\":\"2014-12-04T16:57:46+00:00\",\"author\":{\"@id\":\"https:\/\/huxlipux.de\/blog\/#\/schema\/person\/f2a857fac0c9223e32b50adc8a05fa1f\"},\"breadcrumb\":{\"@id\":\"https:\/\/huxlipux.de\/blog\/2014\/12\/mit-susi-im-erzgebirge\/#breadcrumb\"},\"inLanguage\":\"de\",\"potentialAction\":[{\"@type\":\"ReadAction\",\"target\":[\"https:\/\/huxlipux.de\/blog\/2014\/12\/mit-susi-im-erzgebirge\/\"]}]},{\"@type\":\"ImageObject\",\"inLanguage\":\"de\",\"@id\":\"https:\/\/huxlipux.de\/blog\/2014\/12\/mit-susi-im-erzgebirge\/#primaryimage\",\"url\":\"http:\/\/huxlipux.de\/blog\/wp-content\/uploads\/2014\/12\/5555Susi-nach-dem-Erzgebirge-2-300x225.jpg\",\"contentUrl\":\"http:\/\/huxlipux.de\/blog\/wp-content\/uploads\/2014\/12\/5555Susi-nach-dem-Erzgebirge-2-300x225.jpg\"},{\"@type\":\"BreadcrumbList\",\"@id\":\"https:\/\/huxlipux.de\/blog\/2014\/12\/mit-susi-im-erzgebirge\/#breadcrumb\",\"itemListElement\":[{\"@type\":\"ListItem\",\"position\":1,\"name\":\"Home\",\"item\":\"https:\/\/huxlipux.de\/blog\/\"},{\"@type\":\"ListItem\",\"position\":2,\"name\":\"Mit Susi im Erzgebirge\"}]},{\"@type\":\"WebSite\",\"@id\":\"https:\/\/huxlipux.de\/blog\/#website\",\"url\":\"https:\/\/huxlipux.de\/blog\/\",\"name\":\"Huxlipux.de\",\"description\":\"Kinder-Geschichten Blog f\u00fcr Kinder von 3 bis 99\",\"potentialAction\":[{\"@type\":\"SearchAction\",\"target\":{\"@type\":\"EntryPoint\",\"urlTemplate\":\"https:\/\/huxlipux.de\/blog\/?s={search_term_string}\"},\"query-input\":{\"@type\":\"PropertyValueSpecification\",\"valueRequired\":true,\"valueName\":\"search_term_string\"}}],\"inLanguage\":\"de\"},{\"@type\":\"Person\",\"@id\":\"https:\/\/huxlipux.de\/blog\/#\/schema\/person\/f2a857fac0c9223e32b50adc8a05fa1f\",\"name\":\"Ursula B\u00f6hnke-Kuckhoff\",\"sameAs\":[\"http:\/\/www.huxlipux.de\"],\"url\":\"https:\/\/huxlipux.de\/blog\/author\/uweboe\/\"}]}<\/script>\n<!-- \/ Yoast SEO plugin. -->","yoast_head_json":{"title":"Mit Susi im Erzgebirge - Huxlipux.de","robots":{"index":"index","follow":"follow","max-snippet":"max-snippet:-1","max-image-preview":"max-image-preview:large","max-video-preview":"max-video-preview:-1"},"canonical":"https:\/\/huxlipux.de\/blog\/2014\/12\/mit-susi-im-erzgebirge\/","og_locale":"de_DE","og_type":"article","og_title":"Mit Susi im Erzgebirge - Huxlipux.de","og_description":"Karin hat Susi im Auto mitgenommen. Susi freut sich schon auf den Weihnachtsmarkt, auf dem es so lecker duftet. Schnell wird es dunkel, und die vielen Sterne glitzern und blinken&hellip; more","og_url":"https:\/\/huxlipux.de\/blog\/2014\/12\/mit-susi-im-erzgebirge\/","og_site_name":"Huxlipux.de","article_published_time":"2014-12-04T11:24:03+00:00","article_modified_time":"2014-12-04T16:57:46+00:00","og_image":[{"width":1024,"height":768,"url":"https:\/\/huxlipux.de\/blog\/wp-content\/uploads\/2014\/12\/5555Susi-nach-dem-Erzgebirge-2.jpg","type":"image\/jpeg"}],"author":"Ursula B\u00f6hnke-Kuckhoff","twitter_misc":{"Verfasst von":"Ursula B\u00f6hnke-Kuckhoff","Gesch\u00e4tzte Lesezeit":"1\u00a0Minute"},"schema":{"@context":"https:\/\/schema.org","@graph":[{"@type":"Article","@id":"https:\/\/huxlipux.de\/blog\/2014\/12\/mit-susi-im-erzgebirge\/#article","isPartOf":{"@id":"https:\/\/huxlipux.de\/blog\/2014\/12\/mit-susi-im-erzgebirge\/"},"author":{"name":"Ursula B\u00f6hnke-Kuckhoff","@id":"https:\/\/huxlipux.de\/blog\/#\/schema\/person\/f2a857fac0c9223e32b50adc8a05fa1f"},"headline":"Mit Susi im Erzgebirge","datePublished":"2014-12-04T11:24:03+00:00","dateModified":"2014-12-04T16:57:46+00:00","mainEntityOfPage":{"@id":"https:\/\/huxlipux.de\/blog\/2014\/12\/mit-susi-im-erzgebirge\/"},"wordCount":193,"commentCount":0,"image":{"@id":"https:\/\/huxlipux.de\/blog\/2014\/12\/mit-susi-im-erzgebirge\/#primaryimage"},"thumbnailUrl":"http:\/\/huxlipux.de\/blog\/wp-content\/uploads\/2014\/12\/5555Susi-nach-dem-Erzgebirge-2-300x225.jpg","articleSection":["Reisen"],"inLanguage":"de","potentialAction":[{"@type":"CommentAction","name":"Comment","target":["https:\/\/huxlipux.de\/blog\/2014\/12\/mit-susi-im-erzgebirge\/#respond"]}]},{"@type":"WebPage","@id":"https:\/\/huxlipux.de\/blog\/2014\/12\/mit-susi-im-erzgebirge\/","url":"https:\/\/huxlipux.de\/blog\/2014\/12\/mit-susi-im-erzgebirge\/","name":"Mit Susi im Erzgebirge - Huxlipux.de","isPartOf":{"@id":"https:\/\/huxlipux.de\/blog\/#website"},"primaryImageOfPage":{"@id":"https:\/\/huxlipux.de\/blog\/2014\/12\/mit-susi-im-erzgebirge\/#primaryimage"},"image":{"@id":"https:\/\/huxlipux.de\/blog\/2014\/12\/mit-susi-im-erzgebirge\/#primaryimage"},"thumbnailUrl":"http:\/\/huxlipux.de\/blog\/wp-content\/uploads\/2014\/12\/5555Susi-nach-dem-Erzgebirge-2-300x225.jpg","datePublished":"2014-12-04T11:24:03+00:00","dateModified":"2014-12-04T16:57:46+00:00","author":{"@id":"https:\/\/huxlipux.de\/blog\/#\/schema\/person\/f2a857fac0c9223e32b50adc8a05fa1f"},"breadcrumb":{"@id":"https:\/\/huxlipux.de\/blog\/2014\/12\/mit-susi-im-erzgebirge\/#breadcrumb"},"inLanguage":"de","potentialAction":[{"@type":"ReadAction","target":["https:\/\/huxlipux.de\/blog\/2014\/12\/mit-susi-im-erzgebirge\/"]}]},{"@type":"ImageObject","inLanguage":"de","@id":"https:\/\/huxlipux.de\/blog\/2014\/12\/mit-susi-im-erzgebirge\/#primaryimage","url":"http:\/\/huxlipux.de\/blog\/wp-content\/uploads\/2014\/12\/5555Susi-nach-dem-Erzgebirge-2-300x225.jpg","contentUrl":"http:\/\/huxlipux.de\/blog\/wp-content\/uploads\/2014\/12\/5555Susi-nach-dem-Erzgebirge-2-300x225.jpg"},{"@type":"BreadcrumbList","@id":"https:\/\/huxlipux.de\/blog\/2014\/12\/mit-susi-im-erzgebirge\/#breadcrumb","itemListElement":[{"@type":"ListItem","position":1,"name":"Home","item":"https:\/\/huxlipux.de\/blog\/"},{"@type":"ListItem","position":2,"name":"Mit Susi im Erzgebirge"}]},{"@type":"WebSite","@id":"https:\/\/huxlipux.de\/blog\/#website","url":"https:\/\/huxlipux.de\/blog\/","name":"Huxlipux.de","description":"Kinder-Geschichten Blog f\u00fcr Kinder von 3 bis 99","potentialAction":[{"@type":"SearchAction","target":{"@type":"EntryPoint","urlTemplate":"https:\/\/huxlipux.de\/blog\/?s={search_term_string}"},"query-input":{"@type":"PropertyValueSpecification","valueRequired":true,"valueName":"search_term_string"}}],"inLanguage":"de"},{"@type":"Person","@id":"https:\/\/huxlipux.de\/blog\/#\/schema\/person\/f2a857fac0c9223e32b50adc8a05fa1f","name":"Ursula B\u00f6hnke-Kuckhoff","sameAs":["http:\/\/www.huxlipux.de"],"url":"https:\/\/huxlipux.de\/blog\/author\/uweboe\/"}]}},"_links":{"self":[{"href":"https:\/\/huxlipux.de\/blog\/wp-json\/wp\/v2\/posts\/20157","targetHints":{"allow":["GET"]}}],"collection":[{"href":"https:\/\/huxlipux.de\/blog\/wp-json\/wp\/v2\/posts"}],"about":[{"href":"https:\/\/huxlipux.de\/blog\/wp-json\/wp\/v2\/types\/post"}],"author":[{"embeddable":true,"href":"https:\/\/huxlipux.de\/blog\/wp-json\/wp\/v2\/users\/2"}],"replies":[{"embeddable":true,"href":"https:\/\/huxlipux.de\/blog\/wp-json\/wp\/v2\/comments?post=20157"}],"version-history":[{"count":5,"href":"https:\/\/huxlipux.de\/blog\/wp-json\/wp\/v2\/posts\/20157\/revisions"}],"predecessor-version":[{"id":20176,"href":"https:\/\/huxlipux.de\/blog\/wp-json\/wp\/v2\/posts\/20157\/revisions\/20176"}],"wp:attachment":[{"href":"https:\/\/huxlipux.de\/blog\/wp-json\/wp\/v2\/media?parent=20157"}],"wp:term":[{"taxonomy":"category","embeddable":true,"href":"https:\/\/huxlipux.de\/blog\/wp-json\/wp\/v2\/categories?post=20157"},{"taxonomy":"post_tag","embeddable":true,"href":"https:\/\/huxlipux.de\/blog\/wp-json\/wp\/v2\/tags?post=20157"}],"curies":[{"name":"wp","href":"https:\/\/api.w.org\/{rel}","templated":true}]}}