{"id":19756,"date":"2014-10-12T13:21:39","date_gmt":"2014-10-12T11:21:39","guid":{"rendered":"http:\/\/huxlipux.de\/blog\/?p=19756"},"modified":"2014-10-12T13:33:15","modified_gmt":"2014-10-12T11:33:15","slug":"man-im-oktober-singt","status":"publish","type":"post","link":"https:\/\/huxlipux.de\/blog\/2014\/10\/man-im-oktober-singt\/","title":{"rendered":"Was man im Oktober singt&#8230;"},"content":{"rendered":"<p>Ein \u00c4pfelchen, ein \u00c4pfelchen<br \/>\ndas hatte einen Traum.Es hing an Petis Nase dran<br \/>\nund nicht am Apfelbaum.<\/p>\n<p>Da kann man noch viele Strophen dazu dichten.<br \/>\nH\u00f6rt mal, was Katrin singt.<\/p>\n<p>Wenn der Oktober pfleift und braust<br \/>\nund Wind um unsre Ecke saust,<br \/>\nDann sitzen wir im St\u00fcbchen wieder<br \/>\nund singen alle sch\u00f6nen Lieder.<\/p>\n<audio class=\"wp-audio-shortcode\" id=\"audio-19756-1\" preload=\"none\" style=\"width: 100%;\" controls=\"controls\"><source type=\"audio\/mpeg\" src=\"http:\/\/huxlipux.de\/blog\/wp-content\/uploads\/2014\/10\/Track-No15.mp3?_=1\" \/><a href=\"http:\/\/huxlipux.de\/blog\/wp-content\/uploads\/2014\/10\/Track-No15.mp3\">http:\/\/huxlipux.de\/blog\/wp-content\/uploads\/2014\/10\/Track-No15.mp3<\/a><\/audio>\n<p><a href=\"http:\/\/huxlipux.de\/blog\/wp-content\/uploads\/2014\/10\/2060-sonnen-wir-uns-mal-auf-den-K\u00fcrbissen1.jpg\"><img loading=\"lazy\" decoding=\"async\" class=\"aligncenter size-medium wp-image-19759\" src=\"http:\/\/huxlipux.de\/blog\/wp-content\/uploads\/2014\/10\/2060-sonnen-wir-uns-mal-auf-den-K\u00fcrbissen1-300x168.jpg\" alt=\"2060 sonnen wir uns mal auf den K\u00fcrbissen\" width=\"300\" height=\"168\" srcset=\"https:\/\/huxlipux.de\/blog\/wp-content\/uploads\/2014\/10\/2060-sonnen-wir-uns-mal-auf-den-K\u00fcrbissen1-300x168.jpg 300w, https:\/\/huxlipux.de\/blog\/wp-content\/uploads\/2014\/10\/2060-sonnen-wir-uns-mal-auf-den-K\u00fcrbissen1-350x196.jpg 350w, https:\/\/huxlipux.de\/blog\/wp-content\/uploads\/2014\/10\/2060-sonnen-wir-uns-mal-auf-den-K\u00fcrbissen1.jpg 1024w\" sizes=\"auto, (max-width: 300px) 100vw, 300px\" \/><\/a>Leise geht der Sommer wieder. Danach &#8222;In einem kleinen Apfel&#8220;<\/p>\n<audio class=\"wp-audio-shortcode\" id=\"audio-19756-2\" preload=\"none\" style=\"width: 100%;\" controls=\"controls\"><source type=\"audio\/mpeg\" src=\"http:\/\/huxlipux.de\/blog\/wp-content\/uploads\/2014\/10\/In-einem-kleinen-Apfel.mp3?_=2\" \/><a href=\"http:\/\/huxlipux.de\/blog\/wp-content\/uploads\/2014\/10\/In-einem-kleinen-Apfel.mp3\">http:\/\/huxlipux.de\/blog\/wp-content\/uploads\/2014\/10\/In-einem-kleinen-Apfel.mp3<\/a><\/audio>\n<audio class=\"wp-audio-shortcode\" id=\"audio-19756-3\" preload=\"none\" style=\"width: 100%;\" controls=\"controls\"><source type=\"audio\/mpeg\" src=\"http:\/\/huxlipux.de\/blog\/wp-content\/uploads\/2014\/10\/Track-No05.mp3?_=3\" \/><a href=\"http:\/\/huxlipux.de\/blog\/wp-content\/uploads\/2014\/10\/Track-No05.mp3\">http:\/\/huxlipux.de\/blog\/wp-content\/uploads\/2014\/10\/Track-No05.mp3<\/a><\/audio>\n","protected":false},"excerpt":{"rendered":"<p class=\"excerpt\">Ein \u00c4pfelchen, ein \u00c4pfelchen das hatte einen Traum.Es hing an Petis Nase dran und nicht am Apfelbaum. Da kann man noch viele Strophen dazu dichten. H\u00f6rt mal, was Katrin singt.&hellip; <span class=\"more-link\">more<\/span><\/p>\n","protected":false},"author":2,"featured_media":0,"comment_status":"open","ping_status":"open","sticky":false,"template":"","format":"standard","meta":{"footnotes":""},"categories":[22],"tags":[],"class_list":["post-19756","post","type-post","status-publish","format-standard","hentry","category-reisen"],"yoast_head":"<!-- This site is optimized with the Yoast SEO plugin v26.9 - https:\/\/yoast.com\/product\/yoast-seo-wordpress\/ -->\n<title>Was man im Oktober singt... - Huxlipux.de<\/title>\n<meta name=\"robots\" content=\"index, follow, max-snippet:-1, max-image-preview:large, max-video-preview:-1\" \/>\n<link rel=\"canonical\" href=\"https:\/\/huxlipux.de\/blog\/2014\/10\/man-im-oktober-singt\/\" \/>\n<meta property=\"og:locale\" content=\"de_DE\" \/>\n<meta property=\"og:type\" content=\"article\" \/>\n<meta property=\"og:title\" content=\"Was man im Oktober singt... - Huxlipux.de\" \/>\n<meta property=\"og:description\" content=\"Ein \u00c4pfelchen, ein \u00c4pfelchen das hatte einen Traum.Es hing an Petis Nase dran und nicht am Apfelbaum. Da kann man noch viele Strophen dazu dichten. H\u00f6rt mal, was Katrin singt.&hellip; more\" \/>\n<meta property=\"og:url\" content=\"https:\/\/huxlipux.de\/blog\/2014\/10\/man-im-oktober-singt\/\" \/>\n<meta property=\"og:site_name\" content=\"Huxlipux.de\" \/>\n<meta property=\"article:published_time\" content=\"2014-10-12T11:21:39+00:00\" \/>\n<meta property=\"article:modified_time\" content=\"2014-10-12T11:33:15+00:00\" \/>\n<meta name=\"author\" content=\"Ursula B\u00f6hnke-Kuckhoff\" \/>\n<meta name=\"twitter:label1\" content=\"Verfasst von\" \/>\n\t<meta name=\"twitter:data1\" content=\"Ursula B\u00f6hnke-Kuckhoff\" \/>\n\t<meta name=\"twitter:label2\" content=\"Gesch\u00e4tzte Lesezeit\" \/>\n\t<meta name=\"twitter:data2\" content=\"1\u00a0Minute\" \/>\n<script type=\"application\/ld+json\" class=\"yoast-schema-graph\">{\"@context\":\"https:\/\/schema.org\",\"@graph\":[{\"@type\":\"Article\",\"@id\":\"https:\/\/huxlipux.de\/blog\/2014\/10\/man-im-oktober-singt\/#article\",\"isPartOf\":{\"@id\":\"https:\/\/huxlipux.de\/blog\/2014\/10\/man-im-oktober-singt\/\"},\"author\":{\"name\":\"Ursula B\u00f6hnke-Kuckhoff\",\"@id\":\"https:\/\/huxlipux.de\/blog\/#\/schema\/person\/f2a857fac0c9223e32b50adc8a05fa1f\"},\"headline\":\"Was man im Oktober singt&#8230;\",\"datePublished\":\"2014-10-12T11:21:39+00:00\",\"dateModified\":\"2014-10-12T11:33:15+00:00\",\"mainEntityOfPage\":{\"@id\":\"https:\/\/huxlipux.de\/blog\/2014\/10\/man-im-oktober-singt\/\"},\"wordCount\":105,\"commentCount\":0,\"articleSection\":[\"Reisen\"],\"inLanguage\":\"de\",\"potentialAction\":[{\"@type\":\"CommentAction\",\"name\":\"Comment\",\"target\":[\"https:\/\/huxlipux.de\/blog\/2014\/10\/man-im-oktober-singt\/#respond\"]}]},{\"@type\":\"WebPage\",\"@id\":\"https:\/\/huxlipux.de\/blog\/2014\/10\/man-im-oktober-singt\/\",\"url\":\"https:\/\/huxlipux.de\/blog\/2014\/10\/man-im-oktober-singt\/\",\"name\":\"Was man im Oktober singt... - Huxlipux.de\",\"isPartOf\":{\"@id\":\"https:\/\/huxlipux.de\/blog\/#website\"},\"datePublished\":\"2014-10-12T11:21:39+00:00\",\"dateModified\":\"2014-10-12T11:33:15+00:00\",\"author\":{\"@id\":\"https:\/\/huxlipux.de\/blog\/#\/schema\/person\/f2a857fac0c9223e32b50adc8a05fa1f\"},\"breadcrumb\":{\"@id\":\"https:\/\/huxlipux.de\/blog\/2014\/10\/man-im-oktober-singt\/#breadcrumb\"},\"inLanguage\":\"de\",\"potentialAction\":[{\"@type\":\"ReadAction\",\"target\":[\"https:\/\/huxlipux.de\/blog\/2014\/10\/man-im-oktober-singt\/\"]}]},{\"@type\":\"BreadcrumbList\",\"@id\":\"https:\/\/huxlipux.de\/blog\/2014\/10\/man-im-oktober-singt\/#breadcrumb\",\"itemListElement\":[{\"@type\":\"ListItem\",\"position\":1,\"name\":\"Home\",\"item\":\"https:\/\/huxlipux.de\/blog\/\"},{\"@type\":\"ListItem\",\"position\":2,\"name\":\"Was man im Oktober singt&#8230;\"}]},{\"@type\":\"WebSite\",\"@id\":\"https:\/\/huxlipux.de\/blog\/#website\",\"url\":\"https:\/\/huxlipux.de\/blog\/\",\"name\":\"Huxlipux.de\",\"description\":\"Kinder-Geschichten Blog f\u00fcr Kinder von 3 bis 99\",\"potentialAction\":[{\"@type\":\"SearchAction\",\"target\":{\"@type\":\"EntryPoint\",\"urlTemplate\":\"https:\/\/huxlipux.de\/blog\/?s={search_term_string}\"},\"query-input\":{\"@type\":\"PropertyValueSpecification\",\"valueRequired\":true,\"valueName\":\"search_term_string\"}}],\"inLanguage\":\"de\"},{\"@type\":\"Person\",\"@id\":\"https:\/\/huxlipux.de\/blog\/#\/schema\/person\/f2a857fac0c9223e32b50adc8a05fa1f\",\"name\":\"Ursula B\u00f6hnke-Kuckhoff\",\"sameAs\":[\"http:\/\/www.huxlipux.de\"],\"url\":\"https:\/\/huxlipux.de\/blog\/author\/uweboe\/\"}]}<\/script>\n<!-- \/ Yoast SEO plugin. -->","yoast_head_json":{"title":"Was man im Oktober singt... - Huxlipux.de","robots":{"index":"index","follow":"follow","max-snippet":"max-snippet:-1","max-image-preview":"max-image-preview:large","max-video-preview":"max-video-preview:-1"},"canonical":"https:\/\/huxlipux.de\/blog\/2014\/10\/man-im-oktober-singt\/","og_locale":"de_DE","og_type":"article","og_title":"Was man im Oktober singt... - Huxlipux.de","og_description":"Ein \u00c4pfelchen, ein \u00c4pfelchen das hatte einen Traum.Es hing an Petis Nase dran und nicht am Apfelbaum. Da kann man noch viele Strophen dazu dichten. H\u00f6rt mal, was Katrin singt.&hellip; more","og_url":"https:\/\/huxlipux.de\/blog\/2014\/10\/man-im-oktober-singt\/","og_site_name":"Huxlipux.de","article_published_time":"2014-10-12T11:21:39+00:00","article_modified_time":"2014-10-12T11:33:15+00:00","author":"Ursula B\u00f6hnke-Kuckhoff","twitter_misc":{"Verfasst von":"Ursula B\u00f6hnke-Kuckhoff","Gesch\u00e4tzte Lesezeit":"1\u00a0Minute"},"schema":{"@context":"https:\/\/schema.org","@graph":[{"@type":"Article","@id":"https:\/\/huxlipux.de\/blog\/2014\/10\/man-im-oktober-singt\/#article","isPartOf":{"@id":"https:\/\/huxlipux.de\/blog\/2014\/10\/man-im-oktober-singt\/"},"author":{"name":"Ursula B\u00f6hnke-Kuckhoff","@id":"https:\/\/huxlipux.de\/blog\/#\/schema\/person\/f2a857fac0c9223e32b50adc8a05fa1f"},"headline":"Was man im Oktober singt&#8230;","datePublished":"2014-10-12T11:21:39+00:00","dateModified":"2014-10-12T11:33:15+00:00","mainEntityOfPage":{"@id":"https:\/\/huxlipux.de\/blog\/2014\/10\/man-im-oktober-singt\/"},"wordCount":105,"commentCount":0,"articleSection":["Reisen"],"inLanguage":"de","potentialAction":[{"@type":"CommentAction","name":"Comment","target":["https:\/\/huxlipux.de\/blog\/2014\/10\/man-im-oktober-singt\/#respond"]}]},{"@type":"WebPage","@id":"https:\/\/huxlipux.de\/blog\/2014\/10\/man-im-oktober-singt\/","url":"https:\/\/huxlipux.de\/blog\/2014\/10\/man-im-oktober-singt\/","name":"Was man im Oktober singt... - Huxlipux.de","isPartOf":{"@id":"https:\/\/huxlipux.de\/blog\/#website"},"datePublished":"2014-10-12T11:21:39+00:00","dateModified":"2014-10-12T11:33:15+00:00","author":{"@id":"https:\/\/huxlipux.de\/blog\/#\/schema\/person\/f2a857fac0c9223e32b50adc8a05fa1f"},"breadcrumb":{"@id":"https:\/\/huxlipux.de\/blog\/2014\/10\/man-im-oktober-singt\/#breadcrumb"},"inLanguage":"de","potentialAction":[{"@type":"ReadAction","target":["https:\/\/huxlipux.de\/blog\/2014\/10\/man-im-oktober-singt\/"]}]},{"@type":"BreadcrumbList","@id":"https:\/\/huxlipux.de\/blog\/2014\/10\/man-im-oktober-singt\/#breadcrumb","itemListElement":[{"@type":"ListItem","position":1,"name":"Home","item":"https:\/\/huxlipux.de\/blog\/"},{"@type":"ListItem","position":2,"name":"Was man im Oktober singt&#8230;"}]},{"@type":"WebSite","@id":"https:\/\/huxlipux.de\/blog\/#website","url":"https:\/\/huxlipux.de\/blog\/","name":"Huxlipux.de","description":"Kinder-Geschichten Blog f\u00fcr Kinder von 3 bis 99","potentialAction":[{"@type":"SearchAction","target":{"@type":"EntryPoint","urlTemplate":"https:\/\/huxlipux.de\/blog\/?s={search_term_string}"},"query-input":{"@type":"PropertyValueSpecification","valueRequired":true,"valueName":"search_term_string"}}],"inLanguage":"de"},{"@type":"Person","@id":"https:\/\/huxlipux.de\/blog\/#\/schema\/person\/f2a857fac0c9223e32b50adc8a05fa1f","name":"Ursula B\u00f6hnke-Kuckhoff","sameAs":["http:\/\/www.huxlipux.de"],"url":"https:\/\/huxlipux.de\/blog\/author\/uweboe\/"}]}},"_links":{"self":[{"href":"https:\/\/huxlipux.de\/blog\/wp-json\/wp\/v2\/posts\/19756","targetHints":{"allow":["GET"]}}],"collection":[{"href":"https:\/\/huxlipux.de\/blog\/wp-json\/wp\/v2\/posts"}],"about":[{"href":"https:\/\/huxlipux.de\/blog\/wp-json\/wp\/v2\/types\/post"}],"author":[{"embeddable":true,"href":"https:\/\/huxlipux.de\/blog\/wp-json\/wp\/v2\/users\/2"}],"replies":[{"embeddable":true,"href":"https:\/\/huxlipux.de\/blog\/wp-json\/wp\/v2\/comments?post=19756"}],"version-history":[{"count":3,"href":"https:\/\/huxlipux.de\/blog\/wp-json\/wp\/v2\/posts\/19756\/revisions"}],"predecessor-version":[{"id":19764,"href":"https:\/\/huxlipux.de\/blog\/wp-json\/wp\/v2\/posts\/19756\/revisions\/19764"}],"wp:attachment":[{"href":"https:\/\/huxlipux.de\/blog\/wp-json\/wp\/v2\/media?parent=19756"}],"wp:term":[{"taxonomy":"category","embeddable":true,"href":"https:\/\/huxlipux.de\/blog\/wp-json\/wp\/v2\/categories?post=19756"},{"taxonomy":"post_tag","embeddable":true,"href":"https:\/\/huxlipux.de\/blog\/wp-json\/wp\/v2\/tags?post=19756"}],"curies":[{"name":"wp","href":"https:\/\/api.w.org\/{rel}","templated":true}]}}