{"id":19398,"date":"2014-09-16T21:57:08","date_gmt":"2014-09-16T19:57:08","guid":{"rendered":"http:\/\/huxlipux.de\/blog\/?p=19398"},"modified":"2014-09-19T10:21:50","modified_gmt":"2014-09-19T08:21:50","slug":"der-traeumergasse","status":"publish","type":"post","link":"https:\/\/huxlipux.de\/blog\/2014\/09\/der-traeumergasse\/","title":{"rendered":"In der Tr\u00e4umergasse"},"content":{"rendered":"<p>Es blieb heute still im Wohnzimmer der Familie Adam. So konnte man h\u00f6ren, was den Menschen sonst verborgen blieb und sich eher wie knarrende Ger\u00e4usche anh\u00f6rte, wenn die Regale sich unter der Last der B\u00fccher fl\u00fcsternd zueinander wendeten und miteinander plauderten. Die Gardinen wiegten sich tr\u00e4umend im Abendwind, der ab und zu durch das ge\u00f6ffnete Fenster einen freundlichen Gru\u00df schickte. Die Lampen fanden es heute langweilig. D\u00fcster schauten sie vor sich hin. Der Fernseher ist kaputt, murmelten sie, Herr Adam ist im Keller und die Kinder sind mit der Mutter bei den Gro\u00dfeltern. Die Kerze auf dem Klavier sch\u00fcttelte den Kopf.<\/p>\n<p><a href=\"http:\/\/huxlipux.de\/blog\/wp-content\/uploads\/2014\/09\/2054-Kerze.jpg\"><img loading=\"lazy\" decoding=\"async\" class=\"aligncenter size-medium wp-image-19424\" src=\"http:\/\/huxlipux.de\/blog\/wp-content\/uploads\/2014\/09\/2054-Kerze-300x237.jpg\" alt=\"2054 Kerze\" width=\"300\" height=\"237\" srcset=\"https:\/\/huxlipux.de\/blog\/wp-content\/uploads\/2014\/09\/2054-Kerze-300x237.jpg 300w, https:\/\/huxlipux.de\/blog\/wp-content\/uploads\/2014\/09\/2054-Kerze-350x276.jpg 350w, https:\/\/huxlipux.de\/blog\/wp-content\/uploads\/2014\/09\/2054-Kerze.jpg 1024w\" sizes=\"auto, (max-width: 300px) 100vw, 300px\" \/><\/a>Last uns gemeinsam etwas singen, schlug sie ihren Halbschwestern, den Lampen vor. Oder, wir k\u00f6nnten auch Liederraten spielen? &#8211; Niemand antwortete. Die Kerze hob ihre schmalen Schultern und stimmte ein Lied an. Es erz\u00e4hlte vom Leben ihrer Vorfahren und wie wichtig sie f\u00fcr die Menschen fr\u00fcher waren. Pfui, wie eingebildet du doch bist, rief der Kronleuchter der Kerze zu. Stimmt, die Lampen gerieten in Bewegung. Ja, was gibst du doch an. Euch Kerzen brauchen wir schon lange nicht mehr. Willst dich doch nur wichtig machen. &#8211; Als w\u00e4ren sie nun aufgewacht, redeten alle heftig durcheinander. Erschrocken blickte die Kerze in die Runde. &#8211; Was wollt ihr von mir? &#8211; Die Lampen lachten b\u00f6se. &#8211; Nichts, nichts, sing nur weiter dein Loblied auf die alten Zeiten. &#8211; Die Wandlampe schlug ihre Arme gegeneinander. &#8211; Ich werde den Takt angeben. &#8211; Gut so! &#8211; Der Kronleuchter klirrte mit den Glocken; &#8211; Ich mache die Zwischent\u00f6ne. Stehlampe, du passt auf, dass die Kerze auch richtig singt. Ansonsten gibst du ihr einen Schlag. Du stehst ihr am n\u00e4chsten. &#8211; Nun los Kerze sing, sing schon weiter! &#8211; Es war wieder der Kronleuchter, der alles einger\u00fchrt hatte. Er hatte sich besonders gelangweilt und die Regie \u00fcbernommen. Nun kommandierte er herum.<\/p>\n<p><a href=\"http:\/\/huxlipux.de\/blog\/wp-content\/uploads\/2014\/09\/2054Rainer-SturmLKronleuchter.jpg\"><img loading=\"lazy\" decoding=\"async\" class=\"aligncenter size-medium wp-image-19420\" src=\"http:\/\/huxlipux.de\/blog\/wp-content\/uploads\/2014\/09\/2054Rainer-SturmLKronleuchter-300x192.jpg\" alt=\"2054Rainer SturmLKronleuchter\" width=\"300\" height=\"192\" srcset=\"https:\/\/huxlipux.de\/blog\/wp-content\/uploads\/2014\/09\/2054Rainer-SturmLKronleuchter-300x192.jpg 300w, https:\/\/huxlipux.de\/blog\/wp-content\/uploads\/2014\/09\/2054Rainer-SturmLKronleuchter-350x224.jpg 350w, https:\/\/huxlipux.de\/blog\/wp-content\/uploads\/2014\/09\/2054Rainer-SturmLKronleuchter.jpg 400w\" sizes=\"auto, (max-width: 300px) 100vw, 300px\" \/><\/a>Im Wohnzimmer brach ein Spektakel los.. Die Wandlampe fuchtelte mit den Armen dass es nur so knackte. Die Stehlampe stupste die kleine Kerze von allen Seiten. Sie hatte M\u00fche sich gerade zu halten. .<br \/>\nEntsetzt fuhren die Gardinen aus ihren Tr\u00e4umen. Die M\u00f6bel h\u00f6rten erschrocken auf zu fl\u00fcstern.<br \/>\nPl\u00f6tzlich schrie die Kerze: Ich mache das nicht mehr mit. &#8211; Ihre Stimme bebte vor Aufregung. F\u00fcr einen Moment wurde es ganz still. Die Kerze schaute \u00e4ngstlich auf die Lampen. Dann fasste sie allen Mut zusammen und rief: Kronleuchter, du h\u00e4ngst dort oben an der Decke und schaust auf mich herab und trotzdem bin ich noch nie auf die Idee gekommen, dass du besser bist als ich. Und du Wandlampe, sprach die kleine Kerze schnell weiter, wenn Herr Adam mich nach dem Klavierspiel ausbl\u00e4st, weil er dich anschaltet und sich zu dir setzt, da bin ich \u00fcberhaupt nicht \u00e4rgerlich.<a href=\"http:\/\/huxlipux.de\/blog\/wp-content\/uploads\/2014\/09\/2054Wandlampe-David-von-Behr.jpg\"><img loading=\"lazy\" decoding=\"async\" class=\"aligncenter size-medium wp-image-19422\" src=\"http:\/\/huxlipux.de\/blog\/wp-content\/uploads\/2014\/09\/2054Wandlampe-David-von-Behr-300x192.jpg\" alt=\"2054Wandlampe David von Behr\" width=\"300\" height=\"192\" srcset=\"https:\/\/huxlipux.de\/blog\/wp-content\/uploads\/2014\/09\/2054Wandlampe-David-von-Behr-300x192.jpg 300w, https:\/\/huxlipux.de\/blog\/wp-content\/uploads\/2014\/09\/2054Wandlampe-David-von-Behr-350x224.jpg 350w, https:\/\/huxlipux.de\/blog\/wp-content\/uploads\/2014\/09\/2054Wandlampe-David-von-Behr.jpg 400w\" sizes=\"auto, (max-width: 300px) 100vw, 300px\" \/><\/a>\u00a0\u00a0\u00a0\u00a0\u00a0\u00a0\u00a0\u00a0\u00a0\u00a0\u00a0\u00a0\u00a0\u00a0\u00a0\u00a0\u00a0\u00a0\u00a0\u00a0\u00a0\u00a0\u00a0\u00a0\u00a0\u00a0\u00a0\u00a0\u00a0\u00a0\u00a0\u00a0\u00a0\u00a0\u00a0\u00a0\u00a0\u00a0\u00a0\u00a0\u00a0\u00a0\u00a0\u00a0\u00a0\u00a0\u00a0\u00a0\u00a0\u00a0 Die WandlampeJeder hat doch hier seinen Platz. Sie drehte sich zur Stehlampe und machte eine Pause. &#8211; Wei\u00dft du, sagte sie leiser, dich beneide ich schon manchmal, weil Herr Adam bei dir so viele B\u00fccher liest. Die Zeit in der wir Kerzen zum Lesen wichtig waren ist wirklich schon lange vorbei. Damals waren wir alle sehr gebildet. Du k\u00f6nntest uns ruhig erz\u00e4hlen was du so mitliest, wenn Herr Adam das Buch aufschl\u00e4gt. Dann h\u00e4tten wir bestimmt keine Langeweile mehr wenn hier mal nichts los ist.<a href=\"http:\/\/huxlipux.de\/blog\/wp-content\/uploads\/2014\/09\/2054-StehlampeRainer-Str.jpg\"><img loading=\"lazy\" decoding=\"async\" class=\"aligncenter size-medium wp-image-19423\" src=\"http:\/\/huxlipux.de\/blog\/wp-content\/uploads\/2014\/09\/2054-StehlampeRainer-Str-300x218.jpg\" alt=\"2054 StehlampeRainer Str\" width=\"300\" height=\"218\" srcset=\"https:\/\/huxlipux.de\/blog\/wp-content\/uploads\/2014\/09\/2054-StehlampeRainer-Str-300x218.jpg 300w, https:\/\/huxlipux.de\/blog\/wp-content\/uploads\/2014\/09\/2054-StehlampeRainer-Str-350x254.jpg 350w, https:\/\/huxlipux.de\/blog\/wp-content\/uploads\/2014\/09\/2054-StehlampeRainer-Str.jpg 400w\" sizes=\"auto, (max-width: 300px) 100vw, 300px\" \/><\/a>\u00a0\u00a0\u00a0\u00a0\u00a0\u00a0\u00a0\u00a0\u00a0\u00a0\u00a0\u00a0\u00a0\u00a0\u00a0\u00a0\u00a0\u00a0\u00a0\u00a0\u00a0\u00a0\u00a0\u00a0\u00a0\u00a0\u00a0\u00a0\u00a0\u00a0\u00a0\u00a0\u00a0\u00a0\u00a0\u00a0\u00a0\u00a0\u00a0\u00a0 Die Stehlampe<br \/>\nDie Stehlampe hatte keine Lust zu erz\u00e4hlen. Lesen fand sie langweilig. Sie schielte dabei immer zum Fenster hinaus. So begann sie aufs Neue auf die Kerze zu schimpfen. H\u00f6r doch auf, rief sie. Merkst du nicht wie du die Menschen ver\u00e4nderst? In deiner N\u00e4he leuchten ihre Augen geheimnisvoll und irgendwie sind sie netter zueinander. Du bist eine Hexe. Von Hexen hatte sie mal erfahren, als Herr Adam ein Buch \u00fcber das Mittelalter las. Die wurden alle verbrannt weil sie klug waren. &#8211; Stimmt, eine Hexe! &#8211; Der Kronleuchter mischte sich nun auch wieder ein. &#8211; Nicht einmal der Glanz von uns Kronleuchtern erreicht dies. Dabei leuchten wir auf allen Festen. Ja, du bist eine Hexe. Hexe, Hexe, riefen nun alle Lampen auf einmal. Und wenn sie ausgeblasen wird heult sie, schrie die Wandlampe dazwischen. Und gef\u00e4hrlich ist sie. Nie wei\u00df man was passiert wenn sie brennt. Immer muss man aufpassen. Richtig, &#8211; neulich w\u00e4ren wir alle beinahe verbrannt. Die Lampen waren in Hochform. Die kleine Kerze stand ganz still auf ihrem Platz. Das mit dem Beinahe-Verbrennen stimmte wirklich. Aber das war nicht ihre Schuld. Die Kinder hatten trotz Verbot herum gespielt. Nur gut, das Herr Adam dazu kam.<br \/>\nAber das ist kein Grund mich zu beschimpfen, dachte sie traurig. Pl\u00f6tzlich f\u00fchlte sie sich ganz klein und einsam.<\/p>\n<p>Die Wohnungst\u00fcr klappte und pfeifend trat Herr Adam ins Zimmer. Er sah zufrieden aus und das bedeutete, dass er gleich Klavier spielen w\u00fcrde. Und wirklich. Er klappte den Deckel hoch, spielte ein paar T\u00f6ne, z\u00fcndete die Kerze an und l\u00f6schte den Kronenleuchter. Schon nach wenigen Minuten hatte die Kerze ihren Kummer vergessen. Sie strahlte. Z\u00e4rtlich legte sich ihr Licht um jeden einzelnen Gegenstand. Geheimnisvoll leuchtete alles auf und die Kerze dachte: Ich muss meine Halbschwestern umarmen. Sie sollen wissen, dass ich ihnen gut bin. Aufgeregt flackerte sie. Dann legte sie behutsam ihr Licht um die Stehlampe. Diese war jedoch noch immer sauer. Sie wich aus und verlor dabei das Gleichgewicht. Der Versuch sich am Klavier festzuhalten misslang. Sie rutschte ab und riss die Kerze mit sich. Diese l\u00f6schte erschrocken ihr Licht aus. Dicke Tr\u00e4nen rollten auf den Teppich. Herr Adam brach das Klavierspiel ab. Schimpfend tastete er sich zum Lichtschalter. Der Kronleuchter grinste schadenfroh.<br \/>\nEine sch\u00f6ne Bescherung, murmelte Herr Adam und kratzte das Wachs vom Teppich.<br \/>\nDie Lampen kicherten. Hochmut kommt vor dem Fall, riefen sie leise zur Kerze. Ach dachte diese, w\u00e4re ich doch auch eine Lampe. Dann w\u00fcrde mir so etwas nicht passieren. Lampen sind viel besser als ich.Unverst\u00e4ndliches Zischeln drang an ihr Ohr. Die Stehlampe stand wieder an ihrem Platz. Gib blo\u00df nicht so an, zischte sie zum Kronleuchter. Du wiegst dich in deinem Schein, als w\u00e4rest du was Besonderes. Dabei h\u00e4ngst du dort oben nur, weil es f\u00fcr Kronleuchter keinen anderen Platz gibt. Die Kerze stutzte. Was passiert denn jetzt?<br \/>\nDer Kronleuchter lachte und hob l\u00e4ssig seine vielen Arme. Solche wie mich braucht man immer, grinste er. Dabei bl\u00e4hte er sich so auf, dass ihm gleich zwei Birnen platzten. Herr Adam hob erschrocken den Kopf. Jetzt reichts aber, hier scheint es heute zu spuken. Ich gehe ins Bett. Blo\u00df gut, dass morgen die Kinder wieder da sind. Kopfsch\u00fcttelnd drehte er das Licht aus und verschwand ins Schlafzimmer. In der Wohnstube wurde es still. Keiner hatte mehr Lust etwas zu sagen.<\/p>\n<p>Es war die Zeit des Vollmondes. Vorsichtig schaute dieser ins Zimmer. Das tat er immer wenn er in der Tr\u00e4umergasse vorbei kam. Schnell schlossen die Lampen ihre Augen. Der gute Alte sollte nicht sehen, dass sie keinen Schlaf fanden. <a href=\"http:\/\/huxlipux.de\/blog\/wp-content\/uploads\/2014\/09\/2054-Der-Mond-von-K\u00e4ngi.jpg\"><img loading=\"lazy\" decoding=\"async\" class=\"aligncenter size-medium wp-image-19431\" src=\"http:\/\/huxlipux.de\/blog\/wp-content\/uploads\/2014\/09\/2054-Der-Mond-von-K\u00e4ngi-195x300.jpg\" alt=\"2054 Der Mond von K\u00e4ngi\" width=\"195\" height=\"300\" srcset=\"https:\/\/huxlipux.de\/blog\/wp-content\/uploads\/2014\/09\/2054-Der-Mond-von-K\u00e4ngi-195x300.jpg 195w, https:\/\/huxlipux.de\/blog\/wp-content\/uploads\/2014\/09\/2054-Der-Mond-von-K\u00e4ngi-350x537.jpg 350w, https:\/\/huxlipux.de\/blog\/wp-content\/uploads\/2014\/09\/2054-Der-Mond-von-K\u00e4ngi.jpg 598w\" sizes=\"auto, (max-width: 195px) 100vw, 195px\" \/><\/a><span style=\"color: #008000;\">Keiner hatte den lieben guten Mond fotografiert. Das gefiel dem kleinen K\u00e4nguru gar nicht. Es holte seinen Stift und malte ihn so wie er gerade ohne Wolkenvohang in die Tr\u00e4umergasse hineinleuchtete. Danke, K\u00e4ngi!<\/span><br \/>\n<span style=\"color: #000000;\"> Nanu, der Mond schaute in die Runde. Was ist denn hier los. &#8211; Er schaute zur Kerze. Er kannte ihre Vorfahren ganz genau. Schon oft haben sie sich dar\u00fcber unterhalten und viel gelacht, weil es aus dieser Zeit viele Gruselgeschichten gibt. Die Kerze blinzelte erschrocken mit den Augen, kniff sie dann aber noch fester zu.<\/span><br \/>\n<span style=\"color: #000000;\"> Aha, murmelte er, w\u00e4hrend er die Stehlampe anleuchtete, hier gab es Streit. Oje, sie werden eine lange und unruhige Nacht haben, denn mit Zorn oder Trauer im Herzen schl\u00e4ft es sich schlecht. Er nahm eine dicke Wolke und verschwand dahinter. Das machte er immer so wenn er \u00fcber etwas nachdachte. Zum Nachdenken braucht man Ruhe, sagte er sich und verschwand.<\/span><\/p>\n<p>Die Kerze blinzelte. Still war es und noch immer sehr dunkel. Sie \u00f6ffnete die Augen. Nun ist er weg , fl\u00fcsterte sie entt\u00e4uscht. Auch die Lampen blickten traurig zum Fenster. Sie lie\u00dfen ihre K\u00f6pfe noch tiefer h\u00e4ngen. Kerze, rief die Wandlampe. Die Kerze schwieg. &#8211; Kerze! Die Wandlampe rief lauter. Die Kerze drehte sich zu ihr fl\u00fcsterte vorsichtig: Ja? Kerze was meinst du, du kennst ihn doch am besten von uns allen, was meinst du wird er nie wieder kommen &#8211; nieeeeeee wieder? &#8211; Ich wei\u00df nicht antwortete die Kerze leise, ich wei\u00df nicht. er sah so traurig aus. Eher nachdenklich, mischte sich der Kronleuchter vorsichtig ein. Ich habe das Gef\u00fchl, die Stehlampe z\u00f6gerte. Na, sag schon, murmelte die Kerze. Ich habe das Gef\u00fchl das er uns durchschaut hat. Als er bei mir war hatte ich die Augen ganz fest zugekniffen. Ich habe so getan als w\u00fcrde ich fest schlafen. &#8211; Ach, seufzten die anderen wieder, wenn er doch blo\u00df wirklich nur nachdenkt. Dann kommt er vielleicht wieder.<\/p>\n<p>Gerade in diesem Augenblick hatte der Mond einen Entschluss gefasst. Er wusste zwar nicht wie er helfen konnte wenn alle weiter so t\u00e4ten als w\u00fcrden sie schlafen. Aber ein Weilchen w\u00fcrde er sich einfach bei ihnen aufhalten. Viel Zeit war nicht mehr und bald musste er hinter der alten Schule verschwinden. Aber bis dahin. Schwupp schob er die Wolke weg und schaute ins Zimmer.<br \/>\nDa, rief der Kronleuchter! Ja, antwortete die Wandlampe! Er ist da, rief die Stehlampe. Und auch der Kerze wurde es ganz warm vor Freude. Lieber guter Mond, da bist du ja wieder, riefen alle gleichzeitig. Sie hatten v\u00f6llig vergessen, dass sie sich gestritten hatten. Der Mond strahlte. Sein Licht leuchtete soweit die Strasse hinunter, dass auch der Hund an der Wegkreuzung ihn freudig anbellte.<br \/>\nAlle lachten. Nun konnten sie auch erz\u00e4hlen was sich zugetragen hatte. Der Mond sagte: So, so und hm, hm. Dann f\u00fcgte er vorsichtig hinzu: So ist das wohl wenn man sich langweilt &#8211; weil nichts passiert woran man sich freuen kann. Wir sollten dar\u00fcber reden. Aber heute muss ich los. Die alte Schule wartet schon. Schnell bekam jeder einen dicken Gutenachtmondkuss, und langsam wurde es wieder dunkel im Zimmer.<br \/>\nDanke lieber Mond rief die Kerze erleichtert hinterher. Ja danke, danke, danke schlossen die Lampen sich an. Ich bin so froh, dass alles wieder in Ordnung ist, fl\u00fcsterte die Kerze ihren Halbschwestern den Lampen zu. Ja seufzten diese. Es war ein aufregender Tag. Und morgen kommen die Kinder wieder.<br \/>\nDas wird sch\u00f6n. Ich bin schon sehr neugierig was sie berichten werden. Schade dass wir ihnen unsere Geschichte nicht erz\u00e4hlen k\u00f6nnen. Und das der Mond ein richtiger Freund ist. Und wenn er mal verschwindet, dass er dann einfach nachdenkt. Ja, schade ist das schon sehr, fl\u00fcsterte die Kerze &#8211; aber wir wissen das und das ist doch auch wichtig. Stimmt, stimmt, waren sich alle einig. Nun lasst uns schlafen. Ich bin schon sehr m\u00fcde. Der Kronleuchter schaute zu allen liebevoll herab. Und bitte, es tut mir leid, Kerze. Kannst du mir verzeihen. Die Kerze nickte heftig mit dem Kopf. Beinahe w\u00e4re sie dabei fast wieder vom Klavier gefallen. Ja, Kronleuchter, es ist alles gut. Zufrieden schlossen alle die Augen. Und hier und dort war ein: Ach-ja-seufzer zu h\u00f6ren Nur die M\u00f6bel \u00e4chzten noch eine Weile unter der Last der B\u00fccher. So jedenfalls h\u00f6rte sich das f\u00fcr den Menschen an. In Wirklichkeit aber fl\u00fcsterten sie noch einige Zeit miteinander. Tr\u00e4umend wiegten sich die Gardinen in den Morgen hinein.<\/p>\n<p>Dieses M\u00e4rchen erz\u00e4hlte Margarete Noack.<br \/>\n<em>Fotos: Rainer Sturm\/pixelio.de<\/em><br \/>\n<em>David von Behr\/pixelio.de<\/em><\/p>\n","protected":false},"excerpt":{"rendered":"<p class=\"excerpt\">Es blieb heute still im Wohnzimmer der Familie Adam. So konnte man h\u00f6ren, was den Menschen sonst verborgen blieb und sich eher wie knarrende Ger\u00e4usche anh\u00f6rte, wenn die Regale sich&hellip; <span class=\"more-link\">more<\/span><\/p>\n","protected":false},"author":2,"featured_media":0,"comment_status":"open","ping_status":"open","sticky":false,"template":"","format":"standard","meta":{"footnotes":""},"categories":[9],"tags":[],"class_list":["post-19398","post","type-post","status-publish","format-standard","hentry","category-maerchen"],"yoast_head":"<!-- This site is optimized with the Yoast SEO plugin v26.9 - https:\/\/yoast.com\/product\/yoast-seo-wordpress\/ -->\n<title>In der Tr\u00e4umergasse - Huxlipux.de<\/title>\n<meta name=\"robots\" content=\"index, follow, max-snippet:-1, max-image-preview:large, max-video-preview:-1\" \/>\n<link rel=\"canonical\" href=\"https:\/\/huxlipux.de\/blog\/2014\/09\/der-traeumergasse\/\" \/>\n<meta property=\"og:locale\" content=\"de_DE\" \/>\n<meta property=\"og:type\" content=\"article\" \/>\n<meta property=\"og:title\" content=\"In der Tr\u00e4umergasse - Huxlipux.de\" \/>\n<meta property=\"og:description\" content=\"Es blieb heute still im Wohnzimmer der Familie Adam. So konnte man h\u00f6ren, was den Menschen sonst verborgen blieb und sich eher wie knarrende Ger\u00e4usche anh\u00f6rte, wenn die Regale sich&hellip; more\" \/>\n<meta property=\"og:url\" content=\"https:\/\/huxlipux.de\/blog\/2014\/09\/der-traeumergasse\/\" \/>\n<meta property=\"og:site_name\" content=\"Huxlipux.de\" \/>\n<meta property=\"article:published_time\" content=\"2014-09-16T19:57:08+00:00\" \/>\n<meta property=\"article:modified_time\" content=\"2014-09-19T08:21:50+00:00\" \/>\n<meta property=\"og:image\" content=\"https:\/\/huxlipux.de\/blog\/wp-content\/uploads\/2014\/09\/2054-Kerze.jpg\" \/>\n\t<meta property=\"og:image:width\" content=\"1024\" \/>\n\t<meta property=\"og:image:height\" content=\"809\" \/>\n\t<meta property=\"og:image:type\" content=\"image\/jpeg\" \/>\n<meta name=\"author\" content=\"Ursula B\u00f6hnke-Kuckhoff\" \/>\n<meta name=\"twitter:label1\" content=\"Verfasst von\" \/>\n\t<meta name=\"twitter:data1\" content=\"Ursula B\u00f6hnke-Kuckhoff\" \/>\n\t<meta name=\"twitter:label2\" content=\"Gesch\u00e4tzte Lesezeit\" \/>\n\t<meta name=\"twitter:data2\" content=\"10\u00a0Minuten\" \/>\n<script type=\"application\/ld+json\" class=\"yoast-schema-graph\">{\"@context\":\"https:\/\/schema.org\",\"@graph\":[{\"@type\":\"Article\",\"@id\":\"https:\/\/huxlipux.de\/blog\/2014\/09\/der-traeumergasse\/#article\",\"isPartOf\":{\"@id\":\"https:\/\/huxlipux.de\/blog\/2014\/09\/der-traeumergasse\/\"},\"author\":{\"name\":\"Ursula B\u00f6hnke-Kuckhoff\",\"@id\":\"https:\/\/huxlipux.de\/blog\/#\/schema\/person\/f2a857fac0c9223e32b50adc8a05fa1f\"},\"headline\":\"In der Tr\u00e4umergasse\",\"datePublished\":\"2014-09-16T19:57:08+00:00\",\"dateModified\":\"2014-09-19T08:21:50+00:00\",\"mainEntityOfPage\":{\"@id\":\"https:\/\/huxlipux.de\/blog\/2014\/09\/der-traeumergasse\/\"},\"wordCount\":1977,\"commentCount\":0,\"image\":{\"@id\":\"https:\/\/huxlipux.de\/blog\/2014\/09\/der-traeumergasse\/#primaryimage\"},\"thumbnailUrl\":\"http:\/\/huxlipux.de\/blog\/wp-content\/uploads\/2014\/09\/2054-Kerze-300x237.jpg\",\"articleSection\":[\"M\u00e4rchenhaus\"],\"inLanguage\":\"de\",\"potentialAction\":[{\"@type\":\"CommentAction\",\"name\":\"Comment\",\"target\":[\"https:\/\/huxlipux.de\/blog\/2014\/09\/der-traeumergasse\/#respond\"]}]},{\"@type\":\"WebPage\",\"@id\":\"https:\/\/huxlipux.de\/blog\/2014\/09\/der-traeumergasse\/\",\"url\":\"https:\/\/huxlipux.de\/blog\/2014\/09\/der-traeumergasse\/\",\"name\":\"In der Tr\u00e4umergasse - Huxlipux.de\",\"isPartOf\":{\"@id\":\"https:\/\/huxlipux.de\/blog\/#website\"},\"primaryImageOfPage\":{\"@id\":\"https:\/\/huxlipux.de\/blog\/2014\/09\/der-traeumergasse\/#primaryimage\"},\"image\":{\"@id\":\"https:\/\/huxlipux.de\/blog\/2014\/09\/der-traeumergasse\/#primaryimage\"},\"thumbnailUrl\":\"http:\/\/huxlipux.de\/blog\/wp-content\/uploads\/2014\/09\/2054-Kerze-300x237.jpg\",\"datePublished\":\"2014-09-16T19:57:08+00:00\",\"dateModified\":\"2014-09-19T08:21:50+00:00\",\"author\":{\"@id\":\"https:\/\/huxlipux.de\/blog\/#\/schema\/person\/f2a857fac0c9223e32b50adc8a05fa1f\"},\"breadcrumb\":{\"@id\":\"https:\/\/huxlipux.de\/blog\/2014\/09\/der-traeumergasse\/#breadcrumb\"},\"inLanguage\":\"de\",\"potentialAction\":[{\"@type\":\"ReadAction\",\"target\":[\"https:\/\/huxlipux.de\/blog\/2014\/09\/der-traeumergasse\/\"]}]},{\"@type\":\"ImageObject\",\"inLanguage\":\"de\",\"@id\":\"https:\/\/huxlipux.de\/blog\/2014\/09\/der-traeumergasse\/#primaryimage\",\"url\":\"http:\/\/huxlipux.de\/blog\/wp-content\/uploads\/2014\/09\/2054-Kerze-300x237.jpg\",\"contentUrl\":\"http:\/\/huxlipux.de\/blog\/wp-content\/uploads\/2014\/09\/2054-Kerze-300x237.jpg\"},{\"@type\":\"BreadcrumbList\",\"@id\":\"https:\/\/huxlipux.de\/blog\/2014\/09\/der-traeumergasse\/#breadcrumb\",\"itemListElement\":[{\"@type\":\"ListItem\",\"position\":1,\"name\":\"Home\",\"item\":\"https:\/\/huxlipux.de\/blog\/\"},{\"@type\":\"ListItem\",\"position\":2,\"name\":\"In der Tr\u00e4umergasse\"}]},{\"@type\":\"WebSite\",\"@id\":\"https:\/\/huxlipux.de\/blog\/#website\",\"url\":\"https:\/\/huxlipux.de\/blog\/\",\"name\":\"Huxlipux.de\",\"description\":\"Kinder-Geschichten Blog f\u00fcr Kinder von 3 bis 99\",\"potentialAction\":[{\"@type\":\"SearchAction\",\"target\":{\"@type\":\"EntryPoint\",\"urlTemplate\":\"https:\/\/huxlipux.de\/blog\/?s={search_term_string}\"},\"query-input\":{\"@type\":\"PropertyValueSpecification\",\"valueRequired\":true,\"valueName\":\"search_term_string\"}}],\"inLanguage\":\"de\"},{\"@type\":\"Person\",\"@id\":\"https:\/\/huxlipux.de\/blog\/#\/schema\/person\/f2a857fac0c9223e32b50adc8a05fa1f\",\"name\":\"Ursula B\u00f6hnke-Kuckhoff\",\"sameAs\":[\"http:\/\/www.huxlipux.de\"],\"url\":\"https:\/\/huxlipux.de\/blog\/author\/uweboe\/\"}]}<\/script>\n<!-- \/ Yoast SEO plugin. -->","yoast_head_json":{"title":"In der Tr\u00e4umergasse - Huxlipux.de","robots":{"index":"index","follow":"follow","max-snippet":"max-snippet:-1","max-image-preview":"max-image-preview:large","max-video-preview":"max-video-preview:-1"},"canonical":"https:\/\/huxlipux.de\/blog\/2014\/09\/der-traeumergasse\/","og_locale":"de_DE","og_type":"article","og_title":"In der Tr\u00e4umergasse - Huxlipux.de","og_description":"Es blieb heute still im Wohnzimmer der Familie Adam. So konnte man h\u00f6ren, was den Menschen sonst verborgen blieb und sich eher wie knarrende Ger\u00e4usche anh\u00f6rte, wenn die Regale sich&hellip; more","og_url":"https:\/\/huxlipux.de\/blog\/2014\/09\/der-traeumergasse\/","og_site_name":"Huxlipux.de","article_published_time":"2014-09-16T19:57:08+00:00","article_modified_time":"2014-09-19T08:21:50+00:00","og_image":[{"width":1024,"height":809,"url":"https:\/\/huxlipux.de\/blog\/wp-content\/uploads\/2014\/09\/2054-Kerze.jpg","type":"image\/jpeg"}],"author":"Ursula B\u00f6hnke-Kuckhoff","twitter_misc":{"Verfasst von":"Ursula B\u00f6hnke-Kuckhoff","Gesch\u00e4tzte Lesezeit":"10\u00a0Minuten"},"schema":{"@context":"https:\/\/schema.org","@graph":[{"@type":"Article","@id":"https:\/\/huxlipux.de\/blog\/2014\/09\/der-traeumergasse\/#article","isPartOf":{"@id":"https:\/\/huxlipux.de\/blog\/2014\/09\/der-traeumergasse\/"},"author":{"name":"Ursula B\u00f6hnke-Kuckhoff","@id":"https:\/\/huxlipux.de\/blog\/#\/schema\/person\/f2a857fac0c9223e32b50adc8a05fa1f"},"headline":"In der Tr\u00e4umergasse","datePublished":"2014-09-16T19:57:08+00:00","dateModified":"2014-09-19T08:21:50+00:00","mainEntityOfPage":{"@id":"https:\/\/huxlipux.de\/blog\/2014\/09\/der-traeumergasse\/"},"wordCount":1977,"commentCount":0,"image":{"@id":"https:\/\/huxlipux.de\/blog\/2014\/09\/der-traeumergasse\/#primaryimage"},"thumbnailUrl":"http:\/\/huxlipux.de\/blog\/wp-content\/uploads\/2014\/09\/2054-Kerze-300x237.jpg","articleSection":["M\u00e4rchenhaus"],"inLanguage":"de","potentialAction":[{"@type":"CommentAction","name":"Comment","target":["https:\/\/huxlipux.de\/blog\/2014\/09\/der-traeumergasse\/#respond"]}]},{"@type":"WebPage","@id":"https:\/\/huxlipux.de\/blog\/2014\/09\/der-traeumergasse\/","url":"https:\/\/huxlipux.de\/blog\/2014\/09\/der-traeumergasse\/","name":"In der Tr\u00e4umergasse - Huxlipux.de","isPartOf":{"@id":"https:\/\/huxlipux.de\/blog\/#website"},"primaryImageOfPage":{"@id":"https:\/\/huxlipux.de\/blog\/2014\/09\/der-traeumergasse\/#primaryimage"},"image":{"@id":"https:\/\/huxlipux.de\/blog\/2014\/09\/der-traeumergasse\/#primaryimage"},"thumbnailUrl":"http:\/\/huxlipux.de\/blog\/wp-content\/uploads\/2014\/09\/2054-Kerze-300x237.jpg","datePublished":"2014-09-16T19:57:08+00:00","dateModified":"2014-09-19T08:21:50+00:00","author":{"@id":"https:\/\/huxlipux.de\/blog\/#\/schema\/person\/f2a857fac0c9223e32b50adc8a05fa1f"},"breadcrumb":{"@id":"https:\/\/huxlipux.de\/blog\/2014\/09\/der-traeumergasse\/#breadcrumb"},"inLanguage":"de","potentialAction":[{"@type":"ReadAction","target":["https:\/\/huxlipux.de\/blog\/2014\/09\/der-traeumergasse\/"]}]},{"@type":"ImageObject","inLanguage":"de","@id":"https:\/\/huxlipux.de\/blog\/2014\/09\/der-traeumergasse\/#primaryimage","url":"http:\/\/huxlipux.de\/blog\/wp-content\/uploads\/2014\/09\/2054-Kerze-300x237.jpg","contentUrl":"http:\/\/huxlipux.de\/blog\/wp-content\/uploads\/2014\/09\/2054-Kerze-300x237.jpg"},{"@type":"BreadcrumbList","@id":"https:\/\/huxlipux.de\/blog\/2014\/09\/der-traeumergasse\/#breadcrumb","itemListElement":[{"@type":"ListItem","position":1,"name":"Home","item":"https:\/\/huxlipux.de\/blog\/"},{"@type":"ListItem","position":2,"name":"In der Tr\u00e4umergasse"}]},{"@type":"WebSite","@id":"https:\/\/huxlipux.de\/blog\/#website","url":"https:\/\/huxlipux.de\/blog\/","name":"Huxlipux.de","description":"Kinder-Geschichten Blog f\u00fcr Kinder von 3 bis 99","potentialAction":[{"@type":"SearchAction","target":{"@type":"EntryPoint","urlTemplate":"https:\/\/huxlipux.de\/blog\/?s={search_term_string}"},"query-input":{"@type":"PropertyValueSpecification","valueRequired":true,"valueName":"search_term_string"}}],"inLanguage":"de"},{"@type":"Person","@id":"https:\/\/huxlipux.de\/blog\/#\/schema\/person\/f2a857fac0c9223e32b50adc8a05fa1f","name":"Ursula B\u00f6hnke-Kuckhoff","sameAs":["http:\/\/www.huxlipux.de"],"url":"https:\/\/huxlipux.de\/blog\/author\/uweboe\/"}]}},"_links":{"self":[{"href":"https:\/\/huxlipux.de\/blog\/wp-json\/wp\/v2\/posts\/19398","targetHints":{"allow":["GET"]}}],"collection":[{"href":"https:\/\/huxlipux.de\/blog\/wp-json\/wp\/v2\/posts"}],"about":[{"href":"https:\/\/huxlipux.de\/blog\/wp-json\/wp\/v2\/types\/post"}],"author":[{"embeddable":true,"href":"https:\/\/huxlipux.de\/blog\/wp-json\/wp\/v2\/users\/2"}],"replies":[{"embeddable":true,"href":"https:\/\/huxlipux.de\/blog\/wp-json\/wp\/v2\/comments?post=19398"}],"version-history":[{"count":4,"href":"https:\/\/huxlipux.de\/blog\/wp-json\/wp\/v2\/posts\/19398\/revisions"}],"predecessor-version":[{"id":19432,"href":"https:\/\/huxlipux.de\/blog\/wp-json\/wp\/v2\/posts\/19398\/revisions\/19432"}],"wp:attachment":[{"href":"https:\/\/huxlipux.de\/blog\/wp-json\/wp\/v2\/media?parent=19398"}],"wp:term":[{"taxonomy":"category","embeddable":true,"href":"https:\/\/huxlipux.de\/blog\/wp-json\/wp\/v2\/categories?post=19398"},{"taxonomy":"post_tag","embeddable":true,"href":"https:\/\/huxlipux.de\/blog\/wp-json\/wp\/v2\/tags?post=19398"}],"curies":[{"name":"wp","href":"https:\/\/api.w.org\/{rel}","templated":true}]}}