{"id":18806,"date":"2014-07-28T23:04:59","date_gmt":"2014-07-28T21:04:59","guid":{"rendered":"http:\/\/huxlipux.de\/blog\/?p=18806"},"modified":"2014-07-29T08:40:29","modified_gmt":"2014-07-29T06:40:29","slug":"und-auf-dem-stechlinsee","status":"publish","type":"post","link":"https:\/\/huxlipux.de\/blog\/2014\/07\/und-auf-dem-stechlinsee\/","title":{"rendered":"Am und auf dem Stechlinsee"},"content":{"rendered":"<p style=\"text-align: center;\">Hallo, hier spricht Eure Hasenoma. Mal hier hin und mal dort hin fahren wir mit Karin und Lothar. Besonders sch\u00f6n war es am Stechlinsee.<a href=\"http:\/\/huxlipux.de\/blog\/wp-content\/uploads\/2014\/07\/2040-Stechlin-Gegend.jpg\"><img loading=\"lazy\" decoding=\"async\" class=\"aligncenter  wp-image-18819\" alt=\"2040 Stechlin Gegend\" src=\"http:\/\/huxlipux.de\/blog\/wp-content\/uploads\/2014\/07\/2040-Stechlin-Gegend.jpg\" width=\"368\" height=\"277\" srcset=\"https:\/\/huxlipux.de\/blog\/wp-content\/uploads\/2014\/07\/2040-Stechlin-Gegend.jpg 1024w, https:\/\/huxlipux.de\/blog\/wp-content\/uploads\/2014\/07\/2040-Stechlin-Gegend-300x225.jpg 300w\" sizes=\"auto, (max-width: 368px) 100vw, 368px\" \/><\/a>Der rote Hahn<a href=\"http:\/\/huxlipux.de\/blog\/wp-content\/uploads\/2014\/07\/2014-Stecklin-Oma-UND-ROTER-hahn.jpg\"><img loading=\"lazy\" decoding=\"async\" class=\"aligncenter size-medium wp-image-18810\" alt=\"2014 Stecklin Oma UND ROTER hahn\" src=\"http:\/\/huxlipux.de\/blog\/wp-content\/uploads\/2014\/07\/2014-Stecklin-Oma-UND-ROTER-hahn-300x225.jpg\" width=\"300\" height=\"225\" \/><\/a>Vor diesem Biest mit dem spitzen Schnabel kann man ja Angst bekommen. Wer ist es, Karin? &#8211; Der rote Hahn von Stechlin. Er wohnt im See und kommt hoch, wenn ein Fischer an einer Stelle angelt, an der es dem Hahn nicht recht ist. Dann macht er Wellen und kr\u00e4ht wie eine Alarmsirene, die Feuer anzeigt. Dieser hier neben Hasenoma ist nur ein Hahn aus Stein am Landungssteg.Die Kahnfahrt:<a href=\"http:\/\/huxlipux.de\/blog\/wp-content\/uploads\/2014\/07\/2040-Stechlin-zwei-auf-d.Boot-guckend..jpg\"><img loading=\"lazy\" decoding=\"async\" class=\"aligncenter  wp-image-18809\" alt=\"2040 Stechlin zwei auf d.Boot guckend.\" src=\"http:\/\/huxlipux.de\/blog\/wp-content\/uploads\/2014\/07\/2040-Stechlin-zwei-auf-d.Boot-guckend..jpg\" width=\"368\" height=\"277\" srcset=\"https:\/\/huxlipux.de\/blog\/wp-content\/uploads\/2014\/07\/2040-Stechlin-zwei-auf-d.Boot-guckend..jpg 1024w, https:\/\/huxlipux.de\/blog\/wp-content\/uploads\/2014\/07\/2040-Stechlin-zwei-auf-d.Boot-guckend.-300x225.jpg 300w\" sizes=\"auto, (max-width: 368px) 100vw, 368px\" \/><\/a>Eine sch\u00f6ne Gegend. Das Wasser so klar, dass man die Fischlein beobachten kann.<a href=\"http:\/\/huxlipux.de\/blog\/wp-content\/uploads\/2014\/07\/2040-Stechlin-Picknick-auf-dem-Kahn.jpg\"><img loading=\"lazy\" decoding=\"async\" class=\"aligncenter size-medium wp-image-18820\" alt=\"2040 Stechlin Picknick auf dem Kahn\" src=\"http:\/\/huxlipux.de\/blog\/wp-content\/uploads\/2014\/07\/2040-Stechlin-Picknick-auf-dem-Kahn-300x225.jpg\" width=\"300\" height=\"225\" srcset=\"https:\/\/huxlipux.de\/blog\/wp-content\/uploads\/2014\/07\/2040-Stechlin-Picknick-auf-dem-Kahn-300x225.jpg 300w, https:\/\/huxlipux.de\/blog\/wp-content\/uploads\/2014\/07\/2040-Stechlin-Picknick-auf-dem-Kahn.jpg 1024w\" sizes=\"auto, (max-width: 300px) 100vw, 300px\" \/><\/a>Picknick auf dem Kahn.<a href=\"http:\/\/huxlipux.de\/blog\/wp-content\/uploads\/2014\/07\/2040STECHlin-wenn-die-Langeweile-kommt.jpg\"><img loading=\"lazy\" decoding=\"async\" class=\"aligncenter size-medium wp-image-18821\" alt=\"2040STECHlin wenn die Langeweile kommt\" src=\"http:\/\/huxlipux.de\/blog\/wp-content\/uploads\/2014\/07\/2040STECHlin-wenn-die-Langeweile-kommt-300x225.jpg\" width=\"300\" height=\"225\" \/><\/a>Wenn sich die Langeweile einschleicht und Karl schlafen will, beginnt ein kleiner Streit zu erwachen. <a href=\"http:\/\/huxlipux.de\/blog\/wp-content\/uploads\/2014\/07\/Stechlin-Oma-steigt-aus-Kahn.jpg\"><img loading=\"lazy\" decoding=\"async\" class=\"aligncenter  wp-image-18811\" alt=\"Stechlin Oma steigt aus Kahn\" src=\"http:\/\/huxlipux.de\/blog\/wp-content\/uploads\/2014\/07\/Stechlin-Oma-steigt-aus-Kahn.jpg\" width=\"294\" height=\"222\" \/><\/a> Weit \u00fcber den See hat sich ein Baumstamm gelegt. Hasenoma m\u00f6chte aussteigen und ein Weilchen dort sitzen. Karl will das nicht.\u00a0 Da ist er &#8211; der Streit.Oma macht stumm die Leine fest. sie steigt \u00fcber.<a href=\"http:\/\/huxlipux.de\/blog\/wp-content\/uploads\/2014\/07\/2014-Stechlin-auf-dem-Baumst..jpg\"><img loading=\"lazy\" decoding=\"async\" class=\"aligncenter size-medium wp-image-18812\" alt=\"2014 Stechlin auf dem Baumst.\" src=\"http:\/\/huxlipux.de\/blog\/wp-content\/uploads\/2014\/07\/2014-Stechlin-auf-dem-Baumst.-300x225.jpg\" width=\"300\" height=\"225\" srcset=\"https:\/\/huxlipux.de\/blog\/wp-content\/uploads\/2014\/07\/2014-Stechlin-auf-dem-Baumst.-300x225.jpg 300w, https:\/\/huxlipux.de\/blog\/wp-content\/uploads\/2014\/07\/2014-Stechlin-auf-dem-Baumst..jpg 1024w\" sizes=\"auto, (max-width: 300px) 100vw, 300px\" \/><\/a>Und da sitzt sie nun, ganz nah an dem Stein, der auf dem Baumstamm liegt und den sie mit nach Huxlipux nehmen m\u00f6chte. <a href=\"http:\/\/huxlipux.de\/blog\/wp-content\/uploads\/2014\/07\/2040-Stechlin-Karl-l\u00e4sst-OMA-ALLEIN.jpg\"><img loading=\"lazy\" decoding=\"async\" class=\"aligncenter  wp-image-18814\" alt=\"2040 Stechlin Karl l\u00e4sst OMA ALLEIN\" src=\"http:\/\/huxlipux.de\/blog\/wp-content\/uploads\/2014\/07\/2040-Stechlin-Karl-l\u00e4sst-OMA-ALLEIN-300x225.jpg\" width=\"300\" height=\"225\" srcset=\"https:\/\/huxlipux.de\/blog\/wp-content\/uploads\/2014\/07\/2040-Stechlin-Karl-l\u00e4sst-OMA-ALLEIN-300x225.jpg 300w, https:\/\/huxlipux.de\/blog\/wp-content\/uploads\/2014\/07\/2040-Stechlin-Karl-l\u00e4sst-OMA-ALLEIN.jpg 1024w\" sizes=\"auto, (max-width: 300px) 100vw, 300px\" \/><\/a>Karl l\u00e4sst sie auf dem Baumstamm zur\u00fcck und dreht das Boot, um ans andere Ufer zu gelangen.<a href=\"http:\/\/huxlipux.de\/blog\/wp-content\/uploads\/2014\/07\/2040Stechlin-Karl-allein.jpg\"><img loading=\"lazy\" decoding=\"async\" class=\"aligncenter size-medium wp-image-18815\" alt=\"2040Stechlin Karl allein\" src=\"http:\/\/huxlipux.de\/blog\/wp-content\/uploads\/2014\/07\/2040Stechlin-Karl-allein-300x225.jpg\" width=\"300\" height=\"225\" \/><\/a>&#8222;Ich geh mal Lothar suchen,&#8220; meint er und zeigt uns, da hinten liegt der Ort Neuglobsow. Sein Ortswahrzeichen ist der Rote Hahn, \u00fcber den die Leute viele Geschichten erz\u00e4hlen. Hasenoma wird Angst haben, so allein auf dem Baumstamm. Schwimmen kann sie nicht. Und wenn es dunkel wird? Sie hat\u00a0 nat\u00fcrlich Angst. Aber Karl will sie sitzen lassen, bis die D\u00e4mmerung beginnt.<a href=\"http:\/\/huxlipux.de\/blog\/wp-content\/uploads\/2014\/07\/2040-STECHLIN-Karl-mit-Gewissensbissen.jpg\"><img loading=\"lazy\" decoding=\"async\" class=\"aligncenter size-medium wp-image-18822\" alt=\"2040 STECHLIN Karl mit Gewissensbissen\" src=\"http:\/\/huxlipux.de\/blog\/wp-content\/uploads\/2014\/07\/2040-STECHLIN-Karl-mit-Gewissensbissen-300x225.jpg\" width=\"300\" height=\"225\" srcset=\"https:\/\/huxlipux.de\/blog\/wp-content\/uploads\/2014\/07\/2040-STECHLIN-Karl-mit-Gewissensbissen-300x225.jpg 300w, https:\/\/huxlipux.de\/blog\/wp-content\/uploads\/2014\/07\/2040-STECHLIN-Karl-mit-Gewissensbissen.jpg 1024w\" sizes=\"auto, (max-width: 300px) 100vw, 300px\" \/><\/a>Pl\u00f6tzlich bleibt er stehen. Sein gutes Herz erwacht. Sie wird sich sehr f\u00fcrchten. Er kehrt um und steigt wieder in den Kahn. F\u00e4hrt zur\u00fcck.<a href=\"http:\/\/huxlipux.de\/blog\/wp-content\/uploads\/2014\/07\/2014-Stechlin-Erst-als-es-dunkel-wird-kommt-KQRL.jpg\"><img loading=\"lazy\" decoding=\"async\" class=\"aligncenter size-medium wp-image-18813\" alt=\"2014 Stechlin Erst als es dunkel wird, kommt KQRL\" src=\"http:\/\/huxlipux.de\/blog\/wp-content\/uploads\/2014\/07\/2014-Stechlin-Erst-als-es-dunkel-wird-kommt-KQRL-300x225.jpg\" width=\"300\" height=\"225\" \/><\/a>Nun holt er sie. &#8222;Sind wir wieder gut miteinander?&#8220; fragt er. Hasenoma nickt, wischt sich ein Tr\u00e4nchen aus dem linken Auge und greift ihren Stein. &#8222;Vorsicht, Vorsicht.&#8220; Karl nimmt seine Frau auf den Arm und setzt sie ins Boot.<a href=\"http:\/\/huxlipux.de\/blog\/wp-content\/uploads\/2014\/07\/2014-Stechlin-Kahrn.jpg\"><img loading=\"lazy\" decoding=\"async\" class=\"aligncenter size-medium wp-image-18816\" alt=\"2014 Stechlin Kahrn\" src=\"http:\/\/huxlipux.de\/blog\/wp-content\/uploads\/2014\/07\/2014-Stechlin-Kahrn-300x225.jpg\" width=\"300\" height=\"225\" srcset=\"https:\/\/huxlipux.de\/blog\/wp-content\/uploads\/2014\/07\/2014-Stechlin-Kahrn-300x225.jpg 300w, https:\/\/huxlipux.de\/blog\/wp-content\/uploads\/2014\/07\/2014-Stechlin-Kahrn.jpg 1024w\" sizes=\"auto, (max-width: 300px) 100vw, 300px\" \/><\/a>&#8222;Von dem Ausflug werde ich meiner Freundin Kati, unserer K\u00f6chin erz\u00e4hlen.&#8220; Karl verspricht, dass er dann berichten wird, wie mutig Hasenoma gewesen ist. Ganz allein auf einem Baumstamm auf der anderen Seite des Seeufers und im Wasser tief unten der b\u00f6se rote Hahn.Ob die Enten hier mit ihm reden?<a href=\"http:\/\/huxlipux.de\/blog\/wp-content\/uploads\/2014\/07\/2914-Alle-meine-Entchen.jpg\"><img loading=\"lazy\" decoding=\"async\" class=\"aligncenter size-medium wp-image-18758\" alt=\"2914 Alle meine Entchen\" src=\"http:\/\/huxlipux.de\/blog\/wp-content\/uploads\/2014\/07\/2914-Alle-meine-Entchen-300x225.jpg\" width=\"300\" height=\"225\" srcset=\"https:\/\/huxlipux.de\/blog\/wp-content\/uploads\/2014\/07\/2914-Alle-meine-Entchen-300x225.jpg 300w, https:\/\/huxlipux.de\/blog\/wp-content\/uploads\/2014\/07\/2914-Alle-meine-Entchen.jpg 1024w\" sizes=\"auto, (max-width: 300px) 100vw, 300px\" \/><\/a>&#8222;Komm blo\u00df schnell weg, Karl!&#8220;<\/p>\n","protected":false},"excerpt":{"rendered":"<p class=\"excerpt\">Hallo, hier spricht Eure Hasenoma. Mal hier hin und mal dort hin fahren wir mit Karin und Lothar. Besonders sch\u00f6n war es am Stechlinsee.Der rote HahnVor diesem Biest mit dem&hellip; <span class=\"more-link\">more<\/span><\/p>\n","protected":false},"author":2,"featured_media":0,"comment_status":"open","ping_status":"open","sticky":false,"template":"","format":"standard","meta":{"footnotes":""},"categories":[22],"tags":[],"class_list":["post-18806","post","type-post","status-publish","format-standard","hentry","category-reisen"],"yoast_head":"<!-- This site is optimized with the Yoast SEO plugin v26.9 - https:\/\/yoast.com\/product\/yoast-seo-wordpress\/ -->\n<title>Am und auf dem Stechlinsee - Huxlipux.de<\/title>\n<meta name=\"robots\" content=\"index, follow, max-snippet:-1, max-image-preview:large, max-video-preview:-1\" \/>\n<link rel=\"canonical\" href=\"https:\/\/huxlipux.de\/blog\/2014\/07\/und-auf-dem-stechlinsee\/\" \/>\n<meta property=\"og:locale\" content=\"de_DE\" \/>\n<meta property=\"og:type\" content=\"article\" \/>\n<meta property=\"og:title\" content=\"Am und auf dem Stechlinsee - Huxlipux.de\" \/>\n<meta property=\"og:description\" content=\"Hallo, hier spricht Eure Hasenoma. Mal hier hin und mal dort hin fahren wir mit Karin und Lothar. Besonders sch\u00f6n war es am Stechlinsee.Der rote HahnVor diesem Biest mit dem&hellip; more\" \/>\n<meta property=\"og:url\" content=\"https:\/\/huxlipux.de\/blog\/2014\/07\/und-auf-dem-stechlinsee\/\" \/>\n<meta property=\"og:site_name\" content=\"Huxlipux.de\" \/>\n<meta property=\"article:published_time\" content=\"2014-07-28T21:04:59+00:00\" \/>\n<meta property=\"article:modified_time\" content=\"2014-07-29T06:40:29+00:00\" \/>\n<meta property=\"og:image\" content=\"https:\/\/huxlipux.de\/blog\/wp-content\/uploads\/2014\/07\/2040-Stechlin-Gegend.jpg\" \/>\n\t<meta property=\"og:image:width\" content=\"1024\" \/>\n\t<meta property=\"og:image:height\" content=\"768\" \/>\n\t<meta property=\"og:image:type\" content=\"image\/jpeg\" \/>\n<meta name=\"author\" content=\"Ursula B\u00f6hnke-Kuckhoff\" \/>\n<meta name=\"twitter:label1\" content=\"Verfasst von\" \/>\n\t<meta name=\"twitter:data1\" content=\"Ursula B\u00f6hnke-Kuckhoff\" \/>\n\t<meta name=\"twitter:label2\" content=\"Gesch\u00e4tzte Lesezeit\" \/>\n\t<meta name=\"twitter:data2\" content=\"2\u00a0Minuten\" \/>\n<script type=\"application\/ld+json\" class=\"yoast-schema-graph\">{\"@context\":\"https:\/\/schema.org\",\"@graph\":[{\"@type\":\"Article\",\"@id\":\"https:\/\/huxlipux.de\/blog\/2014\/07\/und-auf-dem-stechlinsee\/#article\",\"isPartOf\":{\"@id\":\"https:\/\/huxlipux.de\/blog\/2014\/07\/und-auf-dem-stechlinsee\/\"},\"author\":{\"name\":\"Ursula B\u00f6hnke-Kuckhoff\",\"@id\":\"https:\/\/huxlipux.de\/blog\/#\/schema\/person\/f2a857fac0c9223e32b50adc8a05fa1f\"},\"headline\":\"Am und auf dem Stechlinsee\",\"datePublished\":\"2014-07-28T21:04:59+00:00\",\"dateModified\":\"2014-07-29T06:40:29+00:00\",\"mainEntityOfPage\":{\"@id\":\"https:\/\/huxlipux.de\/blog\/2014\/07\/und-auf-dem-stechlinsee\/\"},\"wordCount\":407,\"commentCount\":0,\"image\":{\"@id\":\"https:\/\/huxlipux.de\/blog\/2014\/07\/und-auf-dem-stechlinsee\/#primaryimage\"},\"thumbnailUrl\":\"http:\/\/huxlipux.de\/blog\/wp-content\/uploads\/2014\/07\/2040-Stechlin-Gegend.jpg\",\"articleSection\":[\"Reisen\"],\"inLanguage\":\"de\",\"potentialAction\":[{\"@type\":\"CommentAction\",\"name\":\"Comment\",\"target\":[\"https:\/\/huxlipux.de\/blog\/2014\/07\/und-auf-dem-stechlinsee\/#respond\"]}]},{\"@type\":\"WebPage\",\"@id\":\"https:\/\/huxlipux.de\/blog\/2014\/07\/und-auf-dem-stechlinsee\/\",\"url\":\"https:\/\/huxlipux.de\/blog\/2014\/07\/und-auf-dem-stechlinsee\/\",\"name\":\"Am und auf dem Stechlinsee - Huxlipux.de\",\"isPartOf\":{\"@id\":\"https:\/\/huxlipux.de\/blog\/#website\"},\"primaryImageOfPage\":{\"@id\":\"https:\/\/huxlipux.de\/blog\/2014\/07\/und-auf-dem-stechlinsee\/#primaryimage\"},\"image\":{\"@id\":\"https:\/\/huxlipux.de\/blog\/2014\/07\/und-auf-dem-stechlinsee\/#primaryimage\"},\"thumbnailUrl\":\"http:\/\/huxlipux.de\/blog\/wp-content\/uploads\/2014\/07\/2040-Stechlin-Gegend.jpg\",\"datePublished\":\"2014-07-28T21:04:59+00:00\",\"dateModified\":\"2014-07-29T06:40:29+00:00\",\"author\":{\"@id\":\"https:\/\/huxlipux.de\/blog\/#\/schema\/person\/f2a857fac0c9223e32b50adc8a05fa1f\"},\"breadcrumb\":{\"@id\":\"https:\/\/huxlipux.de\/blog\/2014\/07\/und-auf-dem-stechlinsee\/#breadcrumb\"},\"inLanguage\":\"de\",\"potentialAction\":[{\"@type\":\"ReadAction\",\"target\":[\"https:\/\/huxlipux.de\/blog\/2014\/07\/und-auf-dem-stechlinsee\/\"]}]},{\"@type\":\"ImageObject\",\"inLanguage\":\"de\",\"@id\":\"https:\/\/huxlipux.de\/blog\/2014\/07\/und-auf-dem-stechlinsee\/#primaryimage\",\"url\":\"http:\/\/huxlipux.de\/blog\/wp-content\/uploads\/2014\/07\/2040-Stechlin-Gegend.jpg\",\"contentUrl\":\"http:\/\/huxlipux.de\/blog\/wp-content\/uploads\/2014\/07\/2040-Stechlin-Gegend.jpg\"},{\"@type\":\"BreadcrumbList\",\"@id\":\"https:\/\/huxlipux.de\/blog\/2014\/07\/und-auf-dem-stechlinsee\/#breadcrumb\",\"itemListElement\":[{\"@type\":\"ListItem\",\"position\":1,\"name\":\"Home\",\"item\":\"https:\/\/huxlipux.de\/blog\/\"},{\"@type\":\"ListItem\",\"position\":2,\"name\":\"Am und auf dem Stechlinsee\"}]},{\"@type\":\"WebSite\",\"@id\":\"https:\/\/huxlipux.de\/blog\/#website\",\"url\":\"https:\/\/huxlipux.de\/blog\/\",\"name\":\"Huxlipux.de\",\"description\":\"Kinder-Geschichten Blog f\u00fcr Kinder von 3 bis 99\",\"potentialAction\":[{\"@type\":\"SearchAction\",\"target\":{\"@type\":\"EntryPoint\",\"urlTemplate\":\"https:\/\/huxlipux.de\/blog\/?s={search_term_string}\"},\"query-input\":{\"@type\":\"PropertyValueSpecification\",\"valueRequired\":true,\"valueName\":\"search_term_string\"}}],\"inLanguage\":\"de\"},{\"@type\":\"Person\",\"@id\":\"https:\/\/huxlipux.de\/blog\/#\/schema\/person\/f2a857fac0c9223e32b50adc8a05fa1f\",\"name\":\"Ursula B\u00f6hnke-Kuckhoff\",\"sameAs\":[\"http:\/\/www.huxlipux.de\"],\"url\":\"https:\/\/huxlipux.de\/blog\/author\/uweboe\/\"}]}<\/script>\n<!-- \/ Yoast SEO plugin. -->","yoast_head_json":{"title":"Am und auf dem Stechlinsee - Huxlipux.de","robots":{"index":"index","follow":"follow","max-snippet":"max-snippet:-1","max-image-preview":"max-image-preview:large","max-video-preview":"max-video-preview:-1"},"canonical":"https:\/\/huxlipux.de\/blog\/2014\/07\/und-auf-dem-stechlinsee\/","og_locale":"de_DE","og_type":"article","og_title":"Am und auf dem Stechlinsee - Huxlipux.de","og_description":"Hallo, hier spricht Eure Hasenoma. Mal hier hin und mal dort hin fahren wir mit Karin und Lothar. Besonders sch\u00f6n war es am Stechlinsee.Der rote HahnVor diesem Biest mit dem&hellip; more","og_url":"https:\/\/huxlipux.de\/blog\/2014\/07\/und-auf-dem-stechlinsee\/","og_site_name":"Huxlipux.de","article_published_time":"2014-07-28T21:04:59+00:00","article_modified_time":"2014-07-29T06:40:29+00:00","og_image":[{"width":1024,"height":768,"url":"https:\/\/huxlipux.de\/blog\/wp-content\/uploads\/2014\/07\/2040-Stechlin-Gegend.jpg","type":"image\/jpeg"}],"author":"Ursula B\u00f6hnke-Kuckhoff","twitter_misc":{"Verfasst von":"Ursula B\u00f6hnke-Kuckhoff","Gesch\u00e4tzte Lesezeit":"2\u00a0Minuten"},"schema":{"@context":"https:\/\/schema.org","@graph":[{"@type":"Article","@id":"https:\/\/huxlipux.de\/blog\/2014\/07\/und-auf-dem-stechlinsee\/#article","isPartOf":{"@id":"https:\/\/huxlipux.de\/blog\/2014\/07\/und-auf-dem-stechlinsee\/"},"author":{"name":"Ursula B\u00f6hnke-Kuckhoff","@id":"https:\/\/huxlipux.de\/blog\/#\/schema\/person\/f2a857fac0c9223e32b50adc8a05fa1f"},"headline":"Am und auf dem Stechlinsee","datePublished":"2014-07-28T21:04:59+00:00","dateModified":"2014-07-29T06:40:29+00:00","mainEntityOfPage":{"@id":"https:\/\/huxlipux.de\/blog\/2014\/07\/und-auf-dem-stechlinsee\/"},"wordCount":407,"commentCount":0,"image":{"@id":"https:\/\/huxlipux.de\/blog\/2014\/07\/und-auf-dem-stechlinsee\/#primaryimage"},"thumbnailUrl":"http:\/\/huxlipux.de\/blog\/wp-content\/uploads\/2014\/07\/2040-Stechlin-Gegend.jpg","articleSection":["Reisen"],"inLanguage":"de","potentialAction":[{"@type":"CommentAction","name":"Comment","target":["https:\/\/huxlipux.de\/blog\/2014\/07\/und-auf-dem-stechlinsee\/#respond"]}]},{"@type":"WebPage","@id":"https:\/\/huxlipux.de\/blog\/2014\/07\/und-auf-dem-stechlinsee\/","url":"https:\/\/huxlipux.de\/blog\/2014\/07\/und-auf-dem-stechlinsee\/","name":"Am und auf dem Stechlinsee - Huxlipux.de","isPartOf":{"@id":"https:\/\/huxlipux.de\/blog\/#website"},"primaryImageOfPage":{"@id":"https:\/\/huxlipux.de\/blog\/2014\/07\/und-auf-dem-stechlinsee\/#primaryimage"},"image":{"@id":"https:\/\/huxlipux.de\/blog\/2014\/07\/und-auf-dem-stechlinsee\/#primaryimage"},"thumbnailUrl":"http:\/\/huxlipux.de\/blog\/wp-content\/uploads\/2014\/07\/2040-Stechlin-Gegend.jpg","datePublished":"2014-07-28T21:04:59+00:00","dateModified":"2014-07-29T06:40:29+00:00","author":{"@id":"https:\/\/huxlipux.de\/blog\/#\/schema\/person\/f2a857fac0c9223e32b50adc8a05fa1f"},"breadcrumb":{"@id":"https:\/\/huxlipux.de\/blog\/2014\/07\/und-auf-dem-stechlinsee\/#breadcrumb"},"inLanguage":"de","potentialAction":[{"@type":"ReadAction","target":["https:\/\/huxlipux.de\/blog\/2014\/07\/und-auf-dem-stechlinsee\/"]}]},{"@type":"ImageObject","inLanguage":"de","@id":"https:\/\/huxlipux.de\/blog\/2014\/07\/und-auf-dem-stechlinsee\/#primaryimage","url":"http:\/\/huxlipux.de\/blog\/wp-content\/uploads\/2014\/07\/2040-Stechlin-Gegend.jpg","contentUrl":"http:\/\/huxlipux.de\/blog\/wp-content\/uploads\/2014\/07\/2040-Stechlin-Gegend.jpg"},{"@type":"BreadcrumbList","@id":"https:\/\/huxlipux.de\/blog\/2014\/07\/und-auf-dem-stechlinsee\/#breadcrumb","itemListElement":[{"@type":"ListItem","position":1,"name":"Home","item":"https:\/\/huxlipux.de\/blog\/"},{"@type":"ListItem","position":2,"name":"Am und auf dem Stechlinsee"}]},{"@type":"WebSite","@id":"https:\/\/huxlipux.de\/blog\/#website","url":"https:\/\/huxlipux.de\/blog\/","name":"Huxlipux.de","description":"Kinder-Geschichten Blog f\u00fcr Kinder von 3 bis 99","potentialAction":[{"@type":"SearchAction","target":{"@type":"EntryPoint","urlTemplate":"https:\/\/huxlipux.de\/blog\/?s={search_term_string}"},"query-input":{"@type":"PropertyValueSpecification","valueRequired":true,"valueName":"search_term_string"}}],"inLanguage":"de"},{"@type":"Person","@id":"https:\/\/huxlipux.de\/blog\/#\/schema\/person\/f2a857fac0c9223e32b50adc8a05fa1f","name":"Ursula B\u00f6hnke-Kuckhoff","sameAs":["http:\/\/www.huxlipux.de"],"url":"https:\/\/huxlipux.de\/blog\/author\/uweboe\/"}]}},"_links":{"self":[{"href":"https:\/\/huxlipux.de\/blog\/wp-json\/wp\/v2\/posts\/18806","targetHints":{"allow":["GET"]}}],"collection":[{"href":"https:\/\/huxlipux.de\/blog\/wp-json\/wp\/v2\/posts"}],"about":[{"href":"https:\/\/huxlipux.de\/blog\/wp-json\/wp\/v2\/types\/post"}],"author":[{"embeddable":true,"href":"https:\/\/huxlipux.de\/blog\/wp-json\/wp\/v2\/users\/2"}],"replies":[{"embeddable":true,"href":"https:\/\/huxlipux.de\/blog\/wp-json\/wp\/v2\/comments?post=18806"}],"version-history":[{"count":5,"href":"https:\/\/huxlipux.de\/blog\/wp-json\/wp\/v2\/posts\/18806\/revisions"}],"predecessor-version":[{"id":18826,"href":"https:\/\/huxlipux.de\/blog\/wp-json\/wp\/v2\/posts\/18806\/revisions\/18826"}],"wp:attachment":[{"href":"https:\/\/huxlipux.de\/blog\/wp-json\/wp\/v2\/media?parent=18806"}],"wp:term":[{"taxonomy":"category","embeddable":true,"href":"https:\/\/huxlipux.de\/blog\/wp-json\/wp\/v2\/categories?post=18806"},{"taxonomy":"post_tag","embeddable":true,"href":"https:\/\/huxlipux.de\/blog\/wp-json\/wp\/v2\/tags?post=18806"}],"curies":[{"name":"wp","href":"https:\/\/api.w.org\/{rel}","templated":true}]}}