{"id":18762,"date":"2014-07-26T23:35:20","date_gmt":"2014-07-26T21:35:20","guid":{"rendered":"http:\/\/huxlipux.de\/blog\/?p=18762"},"modified":"2014-07-26T15:43:40","modified_gmt":"2014-07-26T13:43:40","slug":"es-ist-etwas-passiert","status":"publish","type":"post","link":"https:\/\/huxlipux.de\/blog\/2014\/07\/es-ist-etwas-passiert\/","title":{"rendered":"Es ist etwas passiert"},"content":{"rendered":"<p style=\"text-align: center;\"><a href=\"http:\/\/huxlipux.de\/blog\/wp-content\/uploads\/2014\/07\/Ferienlag.Fahrt-ins-bergige-Uferland.jpg\"><img loading=\"lazy\" decoding=\"async\" class=\"aligncenter  wp-image-18764\" alt=\"Ferienlag.Fahrt ins bergige Uferland\" src=\"http:\/\/huxlipux.de\/blog\/wp-content\/uploads\/2014\/07\/Ferienlag.Fahrt-ins-bergige-Uferland.jpg\" width=\"331\" height=\"249\" srcset=\"https:\/\/huxlipux.de\/blog\/wp-content\/uploads\/2014\/07\/Ferienlag.Fahrt-ins-bergige-Uferland.jpg 1024w, https:\/\/huxlipux.de\/blog\/wp-content\/uploads\/2014\/07\/Ferienlag.Fahrt-ins-bergige-Uferland-300x225.jpg 300w\" sizes=\"auto, (max-width: 331px) 100vw, 331px\" \/><\/a>So Heute geht es ins bergige D\u00fcnenland. Der kleine Lastwagen schnauft ganz sch\u00f6n. Und Weislein mahnt und mahnt, dass keiner schubsen soll und niemand hinauskullert. Aber er redet wohl in den Wind, denn pl\u00f6tzlich &#8230;..<a href=\"http:\/\/huxlipux.de\/blog\/wp-content\/uploads\/2014\/07\/2040-auf-dem-Weg-zum-Strand-verliert-man-Kulla.jpg\"><img loading=\"lazy\" decoding=\"async\" class=\"aligncenter  wp-image-18763\" alt=\"2040 auf dem Weg zum Strand verliert man Kulla\" src=\"http:\/\/huxlipux.de\/blog\/wp-content\/uploads\/2014\/07\/2040-auf-dem-Weg-zum-Strand-verliert-man-Kulla.jpg\" width=\"366\" height=\"306\" srcset=\"https:\/\/huxlipux.de\/blog\/wp-content\/uploads\/2014\/07\/2040-auf-dem-Weg-zum-Strand-verliert-man-Kulla.jpg 763w, https:\/\/huxlipux.de\/blog\/wp-content\/uploads\/2014\/07\/2040-auf-dem-Weg-zum-Strand-verliert-man-Kulla-300x250.jpg 300w\" sizes=\"auto, (max-width: 366px) 100vw, 366px\" \/><\/a>Das hat keiner bemerkt. Au\u00dfer Weislein und dem Fahrer Maxl, schlafen die anderen etwas. Aber die schauen nach vorn und nicht nach hinten. Dann l\u00e4sst Egon Weislein, der Sportbetreuer anhalten. Alle springen vom Wagen. Egon ist an einem D\u00fcnenbaum hochgeklettert. &#8222;Passt gut auf, wie ich klettere.&#8220; sagt er. Jeder muss einmal probieren.<a href=\"http:\/\/huxlipux.de\/blog\/wp-content\/uploads\/2014\/07\/2014-Kann-man-daran-hoch.jpg\"><img loading=\"lazy\" decoding=\"async\" class=\"aligncenter size-medium wp-image-18766\" alt=\"2014 Kann man daran hoch\" src=\"http:\/\/huxlipux.de\/blog\/wp-content\/uploads\/2014\/07\/2014-Kann-man-daran-hoch-209x300.jpg\" width=\"209\" height=\"300\" srcset=\"https:\/\/huxlipux.de\/blog\/wp-content\/uploads\/2014\/07\/2014-Kann-man-daran-hoch-209x300.jpg 209w, https:\/\/huxlipux.de\/blog\/wp-content\/uploads\/2014\/07\/2014-Kann-man-daran-hoch.jpg 243w\" sizes=\"auto, (max-width: 209px) 100vw, 209px\" \/><\/a>Sie stellen\u00a0 sich einer hinter dem anderen an.<a href=\"http:\/\/huxlipux.de\/blog\/wp-content\/uploads\/2014\/07\/Ferienlag.-Anstellen-um-Ausshau-zu-halten.jpg\"><img loading=\"lazy\" decoding=\"async\" class=\"aligncenter  wp-image-18765\" alt=\"Ferienlag. Anstellen, um Ausshau zu halten\" src=\"http:\/\/huxlipux.de\/blog\/wp-content\/uploads\/2014\/07\/Ferienlag.-Anstellen-um-Ausshau-zu-halten.jpg\" width=\"398\" height=\"299\" srcset=\"https:\/\/huxlipux.de\/blog\/wp-content\/uploads\/2014\/07\/Ferienlag.-Anstellen-um-Ausshau-zu-halten.jpg 1024w, https:\/\/huxlipux.de\/blog\/wp-content\/uploads\/2014\/07\/Ferienlag.-Anstellen-um-Ausshau-zu-halten-300x225.jpg 300w\" sizes=\"auto, (max-width: 398px) 100vw, 398px\" \/><\/a> K\u00e4ngi fragt: &#8222;Wo ist denn Kulla?&#8220;\u00a0 Keiner hat sie gesehen. Sie hat sich auch nicht versteckt. <a href=\"http:\/\/huxlipux.de\/blog\/wp-content\/uploads\/2014\/07\/2014-Wo-ist-Kulla-Wuffi-schnuppernd.jpg\"><img loading=\"lazy\" decoding=\"async\" class=\"aligncenter size-medium wp-image-18767\" alt=\"2014 Wo ist Kulla Wuffi schnuppernd\" src=\"http:\/\/huxlipux.de\/blog\/wp-content\/uploads\/2014\/07\/2014-Wo-ist-Kulla-Wuffi-schnuppernd-300x225.jpg\" width=\"300\" height=\"225\" srcset=\"https:\/\/huxlipux.de\/blog\/wp-content\/uploads\/2014\/07\/2014-Wo-ist-Kulla-Wuffi-schnuppernd-300x225.jpg 300w, https:\/\/huxlipux.de\/blog\/wp-content\/uploads\/2014\/07\/2014-Wo-ist-Kulla-Wuffi-schnuppernd.jpg 1024w\" sizes=\"auto, (max-width: 300px) 100vw, 300px\" \/><\/a>Wuffi schnuppert. &#8222;Ich versuche, eine Spur von ihr zu finden,&#8220; verk\u00fcndet er und saust davon. Die anderen suchen \u00fcberall am Strand besonders da, wo Kinder sind. Vorn beim Kiosk wollen sie sich treffen, wenn sie Kulla gefunden haben. <a href=\"http:\/\/huxlipux.de\/blog\/wp-content\/uploads\/2014\/07\/Ferienlager-Weislein-vom-Strandk.aus_.jpg\"><img loading=\"lazy\" decoding=\"async\" class=\"aligncenter  wp-image-18768\" alt=\"Ferienlager Weislein vom Strandk.aus\" src=\"http:\/\/huxlipux.de\/blog\/wp-content\/uploads\/2014\/07\/Ferienlager-Weislein-vom-Strandk.aus_-300x225.jpg\" width=\"240\" height=\"180\" srcset=\"https:\/\/huxlipux.de\/blog\/wp-content\/uploads\/2014\/07\/Ferienlager-Weislein-vom-Strandk.aus_-300x225.jpg 300w, https:\/\/huxlipux.de\/blog\/wp-content\/uploads\/2014\/07\/Ferienlager-Weislein-vom-Strandk.aus_.jpg 1024w\" sizes=\"auto, (max-width: 240px) 100vw, 240px\" \/><\/a> Weislein entdeckt eine Notrufs\u00e4ule.<a href=\"http:\/\/huxlipux.de\/blog\/wp-content\/uploads\/2014\/07\/2014-Wir-rufen-Hiilfe-SOS.jpg\"><img loading=\"lazy\" decoding=\"async\" class=\"aligncenter  wp-image-18769\" alt=\"2014 Wir rufen Hiilfe SOS\" src=\"http:\/\/huxlipux.de\/blog\/wp-content\/uploads\/2014\/07\/2014-Wir-rufen-Hiilfe-SOS-300x271.jpg\" width=\"240\" height=\"217\" srcset=\"https:\/\/huxlipux.de\/blog\/wp-content\/uploads\/2014\/07\/2014-Wir-rufen-Hiilfe-SOS-300x271.jpg 300w, https:\/\/huxlipux.de\/blog\/wp-content\/uploads\/2014\/07\/2014-Wir-rufen-Hiilfe-SOS.jpg 989w\" sizes=\"auto, (max-width: 240px) 100vw, 240px\" \/><\/a>Wenn ich hier anrufe, kommt die Strandpolizei. Aber ich will erst mal abwarten, ob die Kinder sie finden.<a href=\"http:\/\/huxlipux.de\/blog\/wp-content\/uploads\/2014\/07\/2014-Notrrufs\u00e4ule.jpg\"><img loading=\"lazy\" decoding=\"async\" class=\"aligncenter size-medium wp-image-18770\" alt=\"2014 Notrrufs\u00e4ule\" src=\"http:\/\/huxlipux.de\/blog\/wp-content\/uploads\/2014\/07\/2014-Notrrufs\u00e4ule-300x225.jpg\" width=\"300\" height=\"225\" srcset=\"https:\/\/huxlipux.de\/blog\/wp-content\/uploads\/2014\/07\/2014-Notrrufs\u00e4ule-300x225.jpg 300w, https:\/\/huxlipux.de\/blog\/wp-content\/uploads\/2014\/07\/2014-Notrrufs\u00e4ule.jpg 1024w\" sizes=\"auto, (max-width: 300px) 100vw, 300px\" \/><\/a>Wenn etwas passiert ist und einer ins Krankenhaus muss, kommt sogar der Rettungshubschrauber hierher. Weislein hat gro\u00dfe Sorge.<br \/>\n&#8222;Haben Sie ein kleines Clownsm\u00e4dchen gesehen?&#8220; fragen die Huxlikinder fast jeden am Strand.<a href=\"http:\/\/huxlipux.de\/blog\/wp-content\/uploads\/2014\/07\/Ferienlag.-Haben-Sie-K.ges_..jpg\"><img loading=\"lazy\" decoding=\"async\" class=\"alignleft size-thumbnail wp-image-18771\" alt=\"Ferienlag. Haben Sie K.ges.\" src=\"http:\/\/huxlipux.de\/blog\/wp-content\/uploads\/2014\/07\/Ferienlag.-Haben-Sie-K.ges_.-150x150.jpg\" width=\"150\" height=\"150\" \/><\/a><a href=\"http:\/\/huxlipux.de\/blog\/wp-content\/uploads\/2014\/07\/Ferienlag.ist-ihnen-K.begeg_..jpg\"><img loading=\"lazy\" decoding=\"async\" class=\"alignnone size-thumbnail wp-image-18772\" alt=\"Ferienlag.ist ihnen K.begeg.\" src=\"http:\/\/huxlipux.de\/blog\/wp-content\/uploads\/2014\/07\/Ferienlag.ist-ihnen-K.begeg_.-150x150.jpg\" width=\"150\" height=\"150\" \/><\/a><\/p>\n<p style=\"text-align: center;\"><a href=\"http:\/\/huxlipux.de\/blog\/wp-content\/uploads\/2014\/07\/Ferienl.kuller-ges..jpg\"><img loading=\"lazy\" decoding=\"async\" class=\"aligncenter size-thumbnail wp-image-18773\" alt=\"Ferienl.kuller ges.\" src=\"http:\/\/huxlipux.de\/blog\/wp-content\/uploads\/2014\/07\/Ferienl.kuller-ges.-150x150.jpg\" width=\"150\" height=\"150\" \/><\/a>Nein, nein, nein.<br \/>\nNiemand hat ein Clownskind gesehen.<a href=\"http:\/\/huxlipux.de\/blog\/wp-content\/uploads\/2014\/07\/2014-Ferient.-Ob-die-was-wissen-von-Kulla.jpg\"><img loading=\"lazy\" decoding=\"async\" class=\"aligncenter  wp-image-18774\" alt=\"2014 Ferient. Ob die was wissen von Kulla\" src=\"http:\/\/huxlipux.de\/blog\/wp-content\/uploads\/2014\/07\/2014-Ferient.-Ob-die-was-wissen-von-Kulla-300x225.jpg\" width=\"252\" height=\"190\" srcset=\"https:\/\/huxlipux.de\/blog\/wp-content\/uploads\/2014\/07\/2014-Ferient.-Ob-die-was-wissen-von-Kulla-300x225.jpg 300w, https:\/\/huxlipux.de\/blog\/wp-content\/uploads\/2014\/07\/2014-Ferient.-Ob-die-was-wissen-von-Kulla.jpg 1024w\" sizes=\"auto, (max-width: 252px) 100vw, 252px\" \/><\/a>Am Kiosk? &#8222;Klar&#8220; sagt die Verk\u00e4uferin und zeigt auf den D\u00fcnenweg. &#8222;Da liegt doch ein kleiner schlafender Clown. Die war vorhin hier und wollte mit unserem Auto nach Huxlipux fahren. Aber dahin k\u00f6nnen wir nicht. Das Auto ist nur zum Warenholen da.&#8220;<a href=\"http:\/\/huxlipux.de\/blog\/wp-content\/uploads\/2014\/07\/2014-Ob-mich-das-Auto-mitnimmt.jpg\"><img loading=\"lazy\" decoding=\"async\" class=\"wp-image-18776 aligncenter\" alt=\"2014 Ob mich das Auto mitnimmt\" src=\"http:\/\/huxlipux.de\/blog\/wp-content\/uploads\/2014\/07\/2014-Ob-mich-das-Auto-mitnimmt-300x225.jpg\" width=\"234\" height=\"176\" \/><\/a>Wuffi rennt zum Strandweg und bellt.<br \/>\n<a href=\"http:\/\/huxlipux.de\/blog\/wp-content\/uploads\/2014\/07\/Ferienlag.Da-liegt-Kulla-und-schl\u00e4ft.jpg\"><img loading=\"lazy\" decoding=\"async\" class=\"aligncenter size-medium wp-image-18777\" alt=\"Ferienlag.Da liegt Kulla und schl\u00e4ft\" src=\"http:\/\/huxlipux.de\/blog\/wp-content\/uploads\/2014\/07\/Ferienlag.Da-liegt-Kulla-und-schl\u00e4ft-265x300.jpg\" width=\"265\" height=\"300\" srcset=\"https:\/\/huxlipux.de\/blog\/wp-content\/uploads\/2014\/07\/Ferienlag.Da-liegt-Kulla-und-schl\u00e4ft-265x300.jpg 265w, https:\/\/huxlipux.de\/blog\/wp-content\/uploads\/2014\/07\/Ferienlag.Da-liegt-Kulla-und-schl\u00e4ft.jpg 850w\" sizes=\"auto, (max-width: 265px) 100vw, 265px\" \/><\/a>Da ist Kulla und sie ist froh, alle wieder zu sehen. Sie war auf dem Ferienlastauto eingeschlafen und runter gefallen. Der weiche Sand hat sie aufgefangen. Als sie erwachte, war kein Auto mehr da und sie hatte ganz sch\u00f6n Angst, nie wieder nach Huxlipux zu kommen. &#8222;Aber wehe, Ihr erz\u00e4hlt es Papa,&#8220; bittet sie Weislein, &#8222;der macht sich immer so viele Sorgen um mich.&#8220;<\/p>\n<p style=\"text-align: center;\">Na, mal sehen. &#8222;Morgen bereiten wir uns auf das Neptunfest vor&#8220; verk\u00fcndet ihr Sportlehrer Weislein.<\/p>\n<p>&nbsp;<\/p>\n<p>&nbsp;<\/p>\n<p>&nbsp;<\/p>\n","protected":false},"excerpt":{"rendered":"<p class=\"excerpt\">So Heute geht es ins bergige D\u00fcnenland. Der kleine Lastwagen schnauft ganz sch\u00f6n. Und Weislein mahnt und mahnt, dass keiner schubsen soll und niemand hinauskullert. Aber er redet wohl in&hellip; <span class=\"more-link\">more<\/span><\/p>\n","protected":false},"author":2,"featured_media":0,"comment_status":"open","ping_status":"open","sticky":false,"template":"","format":"standard","meta":{"footnotes":""},"categories":[1],"tags":[],"class_list":["post-18762","post","type-post","status-publish","format-standard","hentry","category-hasenoma"],"yoast_head":"<!-- This site is optimized with the Yoast SEO plugin v26.9 - https:\/\/yoast.com\/product\/yoast-seo-wordpress\/ -->\n<title>Es ist etwas passiert - Huxlipux.de<\/title>\n<meta name=\"robots\" content=\"index, follow, max-snippet:-1, max-image-preview:large, max-video-preview:-1\" \/>\n<link rel=\"canonical\" href=\"https:\/\/huxlipux.de\/blog\/2014\/07\/es-ist-etwas-passiert\/\" \/>\n<meta property=\"og:locale\" content=\"de_DE\" \/>\n<meta property=\"og:type\" content=\"article\" \/>\n<meta property=\"og:title\" content=\"Es ist etwas passiert - Huxlipux.de\" \/>\n<meta property=\"og:description\" content=\"So Heute geht es ins bergige D\u00fcnenland. Der kleine Lastwagen schnauft ganz sch\u00f6n. Und Weislein mahnt und mahnt, dass keiner schubsen soll und niemand hinauskullert. Aber er redet wohl in&hellip; more\" \/>\n<meta property=\"og:url\" content=\"https:\/\/huxlipux.de\/blog\/2014\/07\/es-ist-etwas-passiert\/\" \/>\n<meta property=\"og:site_name\" content=\"Huxlipux.de\" \/>\n<meta property=\"article:published_time\" content=\"2014-07-26T21:35:20+00:00\" \/>\n<meta property=\"og:image\" content=\"https:\/\/huxlipux.de\/blog\/wp-content\/uploads\/2014\/07\/Ferienlag.Fahrt-ins-bergige-Uferland.jpg\" \/>\n\t<meta property=\"og:image:width\" content=\"1024\" \/>\n\t<meta property=\"og:image:height\" content=\"768\" \/>\n\t<meta property=\"og:image:type\" content=\"image\/jpeg\" \/>\n<meta name=\"author\" content=\"Ursula B\u00f6hnke-Kuckhoff\" \/>\n<meta name=\"twitter:label1\" content=\"Verfasst von\" \/>\n\t<meta name=\"twitter:data1\" content=\"Ursula B\u00f6hnke-Kuckhoff\" \/>\n\t<meta name=\"twitter:label2\" content=\"Gesch\u00e4tzte Lesezeit\" \/>\n\t<meta name=\"twitter:data2\" content=\"2\u00a0Minuten\" \/>\n<script type=\"application\/ld+json\" class=\"yoast-schema-graph\">{\"@context\":\"https:\/\/schema.org\",\"@graph\":[{\"@type\":\"Article\",\"@id\":\"https:\/\/huxlipux.de\/blog\/2014\/07\/es-ist-etwas-passiert\/#article\",\"isPartOf\":{\"@id\":\"https:\/\/huxlipux.de\/blog\/2014\/07\/es-ist-etwas-passiert\/\"},\"author\":{\"name\":\"Ursula B\u00f6hnke-Kuckhoff\",\"@id\":\"https:\/\/huxlipux.de\/blog\/#\/schema\/person\/f2a857fac0c9223e32b50adc8a05fa1f\"},\"headline\":\"Es ist etwas passiert\",\"datePublished\":\"2014-07-26T21:35:20+00:00\",\"mainEntityOfPage\":{\"@id\":\"https:\/\/huxlipux.de\/blog\/2014\/07\/es-ist-etwas-passiert\/\"},\"wordCount\":360,\"commentCount\":0,\"image\":{\"@id\":\"https:\/\/huxlipux.de\/blog\/2014\/07\/es-ist-etwas-passiert\/#primaryimage\"},\"thumbnailUrl\":\"http:\/\/huxlipux.de\/blog\/wp-content\/uploads\/2014\/07\/Ferienlag.Fahrt-ins-bergige-Uferland.jpg\",\"articleSection\":[\"Hasenoma und ihre Freunde\"],\"inLanguage\":\"de\",\"potentialAction\":[{\"@type\":\"CommentAction\",\"name\":\"Comment\",\"target\":[\"https:\/\/huxlipux.de\/blog\/2014\/07\/es-ist-etwas-passiert\/#respond\"]}]},{\"@type\":\"WebPage\",\"@id\":\"https:\/\/huxlipux.de\/blog\/2014\/07\/es-ist-etwas-passiert\/\",\"url\":\"https:\/\/huxlipux.de\/blog\/2014\/07\/es-ist-etwas-passiert\/\",\"name\":\"Es ist etwas passiert - Huxlipux.de\",\"isPartOf\":{\"@id\":\"https:\/\/huxlipux.de\/blog\/#website\"},\"primaryImageOfPage\":{\"@id\":\"https:\/\/huxlipux.de\/blog\/2014\/07\/es-ist-etwas-passiert\/#primaryimage\"},\"image\":{\"@id\":\"https:\/\/huxlipux.de\/blog\/2014\/07\/es-ist-etwas-passiert\/#primaryimage\"},\"thumbnailUrl\":\"http:\/\/huxlipux.de\/blog\/wp-content\/uploads\/2014\/07\/Ferienlag.Fahrt-ins-bergige-Uferland.jpg\",\"datePublished\":\"2014-07-26T21:35:20+00:00\",\"author\":{\"@id\":\"https:\/\/huxlipux.de\/blog\/#\/schema\/person\/f2a857fac0c9223e32b50adc8a05fa1f\"},\"breadcrumb\":{\"@id\":\"https:\/\/huxlipux.de\/blog\/2014\/07\/es-ist-etwas-passiert\/#breadcrumb\"},\"inLanguage\":\"de\",\"potentialAction\":[{\"@type\":\"ReadAction\",\"target\":[\"https:\/\/huxlipux.de\/blog\/2014\/07\/es-ist-etwas-passiert\/\"]}]},{\"@type\":\"ImageObject\",\"inLanguage\":\"de\",\"@id\":\"https:\/\/huxlipux.de\/blog\/2014\/07\/es-ist-etwas-passiert\/#primaryimage\",\"url\":\"http:\/\/huxlipux.de\/blog\/wp-content\/uploads\/2014\/07\/Ferienlag.Fahrt-ins-bergige-Uferland.jpg\",\"contentUrl\":\"http:\/\/huxlipux.de\/blog\/wp-content\/uploads\/2014\/07\/Ferienlag.Fahrt-ins-bergige-Uferland.jpg\"},{\"@type\":\"BreadcrumbList\",\"@id\":\"https:\/\/huxlipux.de\/blog\/2014\/07\/es-ist-etwas-passiert\/#breadcrumb\",\"itemListElement\":[{\"@type\":\"ListItem\",\"position\":1,\"name\":\"Home\",\"item\":\"https:\/\/huxlipux.de\/blog\/\"},{\"@type\":\"ListItem\",\"position\":2,\"name\":\"Es ist etwas passiert\"}]},{\"@type\":\"WebSite\",\"@id\":\"https:\/\/huxlipux.de\/blog\/#website\",\"url\":\"https:\/\/huxlipux.de\/blog\/\",\"name\":\"Huxlipux.de\",\"description\":\"Kinder-Geschichten Blog f\u00fcr Kinder von 3 bis 99\",\"potentialAction\":[{\"@type\":\"SearchAction\",\"target\":{\"@type\":\"EntryPoint\",\"urlTemplate\":\"https:\/\/huxlipux.de\/blog\/?s={search_term_string}\"},\"query-input\":{\"@type\":\"PropertyValueSpecification\",\"valueRequired\":true,\"valueName\":\"search_term_string\"}}],\"inLanguage\":\"de\"},{\"@type\":\"Person\",\"@id\":\"https:\/\/huxlipux.de\/blog\/#\/schema\/person\/f2a857fac0c9223e32b50adc8a05fa1f\",\"name\":\"Ursula B\u00f6hnke-Kuckhoff\",\"sameAs\":[\"http:\/\/www.huxlipux.de\"],\"url\":\"https:\/\/huxlipux.de\/blog\/author\/uweboe\/\"}]}<\/script>\n<!-- \/ Yoast SEO plugin. -->","yoast_head_json":{"title":"Es ist etwas passiert - Huxlipux.de","robots":{"index":"index","follow":"follow","max-snippet":"max-snippet:-1","max-image-preview":"max-image-preview:large","max-video-preview":"max-video-preview:-1"},"canonical":"https:\/\/huxlipux.de\/blog\/2014\/07\/es-ist-etwas-passiert\/","og_locale":"de_DE","og_type":"article","og_title":"Es ist etwas passiert - Huxlipux.de","og_description":"So Heute geht es ins bergige D\u00fcnenland. Der kleine Lastwagen schnauft ganz sch\u00f6n. Und Weislein mahnt und mahnt, dass keiner schubsen soll und niemand hinauskullert. Aber er redet wohl in&hellip; more","og_url":"https:\/\/huxlipux.de\/blog\/2014\/07\/es-ist-etwas-passiert\/","og_site_name":"Huxlipux.de","article_published_time":"2014-07-26T21:35:20+00:00","og_image":[{"width":1024,"height":768,"url":"https:\/\/huxlipux.de\/blog\/wp-content\/uploads\/2014\/07\/Ferienlag.Fahrt-ins-bergige-Uferland.jpg","type":"image\/jpeg"}],"author":"Ursula B\u00f6hnke-Kuckhoff","twitter_misc":{"Verfasst von":"Ursula B\u00f6hnke-Kuckhoff","Gesch\u00e4tzte Lesezeit":"2\u00a0Minuten"},"schema":{"@context":"https:\/\/schema.org","@graph":[{"@type":"Article","@id":"https:\/\/huxlipux.de\/blog\/2014\/07\/es-ist-etwas-passiert\/#article","isPartOf":{"@id":"https:\/\/huxlipux.de\/blog\/2014\/07\/es-ist-etwas-passiert\/"},"author":{"name":"Ursula B\u00f6hnke-Kuckhoff","@id":"https:\/\/huxlipux.de\/blog\/#\/schema\/person\/f2a857fac0c9223e32b50adc8a05fa1f"},"headline":"Es ist etwas passiert","datePublished":"2014-07-26T21:35:20+00:00","mainEntityOfPage":{"@id":"https:\/\/huxlipux.de\/blog\/2014\/07\/es-ist-etwas-passiert\/"},"wordCount":360,"commentCount":0,"image":{"@id":"https:\/\/huxlipux.de\/blog\/2014\/07\/es-ist-etwas-passiert\/#primaryimage"},"thumbnailUrl":"http:\/\/huxlipux.de\/blog\/wp-content\/uploads\/2014\/07\/Ferienlag.Fahrt-ins-bergige-Uferland.jpg","articleSection":["Hasenoma und ihre Freunde"],"inLanguage":"de","potentialAction":[{"@type":"CommentAction","name":"Comment","target":["https:\/\/huxlipux.de\/blog\/2014\/07\/es-ist-etwas-passiert\/#respond"]}]},{"@type":"WebPage","@id":"https:\/\/huxlipux.de\/blog\/2014\/07\/es-ist-etwas-passiert\/","url":"https:\/\/huxlipux.de\/blog\/2014\/07\/es-ist-etwas-passiert\/","name":"Es ist etwas passiert - Huxlipux.de","isPartOf":{"@id":"https:\/\/huxlipux.de\/blog\/#website"},"primaryImageOfPage":{"@id":"https:\/\/huxlipux.de\/blog\/2014\/07\/es-ist-etwas-passiert\/#primaryimage"},"image":{"@id":"https:\/\/huxlipux.de\/blog\/2014\/07\/es-ist-etwas-passiert\/#primaryimage"},"thumbnailUrl":"http:\/\/huxlipux.de\/blog\/wp-content\/uploads\/2014\/07\/Ferienlag.Fahrt-ins-bergige-Uferland.jpg","datePublished":"2014-07-26T21:35:20+00:00","author":{"@id":"https:\/\/huxlipux.de\/blog\/#\/schema\/person\/f2a857fac0c9223e32b50adc8a05fa1f"},"breadcrumb":{"@id":"https:\/\/huxlipux.de\/blog\/2014\/07\/es-ist-etwas-passiert\/#breadcrumb"},"inLanguage":"de","potentialAction":[{"@type":"ReadAction","target":["https:\/\/huxlipux.de\/blog\/2014\/07\/es-ist-etwas-passiert\/"]}]},{"@type":"ImageObject","inLanguage":"de","@id":"https:\/\/huxlipux.de\/blog\/2014\/07\/es-ist-etwas-passiert\/#primaryimage","url":"http:\/\/huxlipux.de\/blog\/wp-content\/uploads\/2014\/07\/Ferienlag.Fahrt-ins-bergige-Uferland.jpg","contentUrl":"http:\/\/huxlipux.de\/blog\/wp-content\/uploads\/2014\/07\/Ferienlag.Fahrt-ins-bergige-Uferland.jpg"},{"@type":"BreadcrumbList","@id":"https:\/\/huxlipux.de\/blog\/2014\/07\/es-ist-etwas-passiert\/#breadcrumb","itemListElement":[{"@type":"ListItem","position":1,"name":"Home","item":"https:\/\/huxlipux.de\/blog\/"},{"@type":"ListItem","position":2,"name":"Es ist etwas passiert"}]},{"@type":"WebSite","@id":"https:\/\/huxlipux.de\/blog\/#website","url":"https:\/\/huxlipux.de\/blog\/","name":"Huxlipux.de","description":"Kinder-Geschichten Blog f\u00fcr Kinder von 3 bis 99","potentialAction":[{"@type":"SearchAction","target":{"@type":"EntryPoint","urlTemplate":"https:\/\/huxlipux.de\/blog\/?s={search_term_string}"},"query-input":{"@type":"PropertyValueSpecification","valueRequired":true,"valueName":"search_term_string"}}],"inLanguage":"de"},{"@type":"Person","@id":"https:\/\/huxlipux.de\/blog\/#\/schema\/person\/f2a857fac0c9223e32b50adc8a05fa1f","name":"Ursula B\u00f6hnke-Kuckhoff","sameAs":["http:\/\/www.huxlipux.de"],"url":"https:\/\/huxlipux.de\/blog\/author\/uweboe\/"}]}},"_links":{"self":[{"href":"https:\/\/huxlipux.de\/blog\/wp-json\/wp\/v2\/posts\/18762","targetHints":{"allow":["GET"]}}],"collection":[{"href":"https:\/\/huxlipux.de\/blog\/wp-json\/wp\/v2\/posts"}],"about":[{"href":"https:\/\/huxlipux.de\/blog\/wp-json\/wp\/v2\/types\/post"}],"author":[{"embeddable":true,"href":"https:\/\/huxlipux.de\/blog\/wp-json\/wp\/v2\/users\/2"}],"replies":[{"embeddable":true,"href":"https:\/\/huxlipux.de\/blog\/wp-json\/wp\/v2\/comments?post=18762"}],"version-history":[{"count":2,"href":"https:\/\/huxlipux.de\/blog\/wp-json\/wp\/v2\/posts\/18762\/revisions"}],"predecessor-version":[{"id":18779,"href":"https:\/\/huxlipux.de\/blog\/wp-json\/wp\/v2\/posts\/18762\/revisions\/18779"}],"wp:attachment":[{"href":"https:\/\/huxlipux.de\/blog\/wp-json\/wp\/v2\/media?parent=18762"}],"wp:term":[{"taxonomy":"category","embeddable":true,"href":"https:\/\/huxlipux.de\/blog\/wp-json\/wp\/v2\/categories?post=18762"},{"taxonomy":"post_tag","embeddable":true,"href":"https:\/\/huxlipux.de\/blog\/wp-json\/wp\/v2\/tags?post=18762"}],"curies":[{"name":"wp","href":"https:\/\/api.w.org\/{rel}","templated":true}]}}