{"id":18730,"date":"2014-07-25T23:22:14","date_gmt":"2014-07-25T21:22:14","guid":{"rendered":"http:\/\/huxlipux.de\/blog\/?p=18730"},"modified":"2014-07-25T22:03:24","modified_gmt":"2014-07-25T20:03:24","slug":"ferienlagertag-auto-ist-da","status":"publish","type":"post","link":"https:\/\/huxlipux.de\/blog\/2014\/07\/ferienlagertag-auto-ist-da\/","title":{"rendered":"Ferienlagertag: Auto ist da"},"content":{"rendered":"<p style=\"text-align: center;\"><a href=\"http:\/\/huxlipux.de\/blog\/wp-content\/uploads\/2014\/07\/2014-Ferientag-Jetzt-gehts-an-den-Strand.jpg\"><img loading=\"lazy\" decoding=\"async\" class=\"aligncenter  wp-image-18731\" alt=\"2014 Ferientag Jetzt gehts an den Strand\" src=\"http:\/\/huxlipux.de\/blog\/wp-content\/uploads\/2014\/07\/2014-Ferientag-Jetzt-gehts-an-den-Strand.jpg\" width=\"352\" height=\"320\" srcset=\"https:\/\/huxlipux.de\/blog\/wp-content\/uploads\/2014\/07\/2014-Ferientag-Jetzt-gehts-an-den-Strand.jpg 979w, https:\/\/huxlipux.de\/blog\/wp-content\/uploads\/2014\/07\/2014-Ferientag-Jetzt-gehts-an-den-Strand-300x272.jpg 300w\" sizes=\"auto, (max-width: 352px) 100vw, 352px\" \/><\/a>Alles einsteigen! Nicht so dr\u00e4ngeln. Maxl ist der Fahrer. Weil sie keine Hupe am Auto haben muss H\u00e4hnchen aus dem Auto heraus kr\u00e4hen, wenn ein Hindernis auftaucht. Am Wegrand stehen zwei gro\u00dfe B\u00e4ren. Die w\u00fcrden gern mitfahren. Aber sie sind zu gro\u00df, gr\u00f6\u00dfer als der Sportlehrer Weislein. Der h\u00e4lt das B\u00e4rchen Binchen fest damit es gut vor dem Herausfallen bewahrt wird.\u00a0 <a href=\"http:\/\/huxlipux.de\/blog\/wp-content\/uploads\/2014\/07\/2014-F.tag-Alle-zus.-auf-Luftmatratze.jpg\"><img loading=\"lazy\" decoding=\"async\" class=\"aligncenter  wp-image-18732\" alt=\"2014 F.tag Alle zus. auf Luftmatratze\" src=\"http:\/\/huxlipux.de\/blog\/wp-content\/uploads\/2014\/07\/2014-F.tag-Alle-zus.-auf-Luftmatratze.jpg\" width=\"368\" height=\"275\" srcset=\"https:\/\/huxlipux.de\/blog\/wp-content\/uploads\/2014\/07\/2014-F.tag-Alle-zus.-auf-Luftmatratze.jpg 1024w, https:\/\/huxlipux.de\/blog\/wp-content\/uploads\/2014\/07\/2014-F.tag-Alle-zus.-auf-Luftmatratze-300x224.jpg 300w\" sizes=\"auto, (max-width: 368px) 100vw, 368px\" \/><\/a>Es wird erst mal ein wenig gestaunt. So viel Sand, es ist, als macht der \u00e4hnliche Wellen, wie die gro\u00dfe Ostsee heute. Brav h\u00f6ren alle erst einmal Weislein an und erfahren, dass man bei solchem Wellengang nicht hinaus schwimmen darf.<a href=\"http:\/\/huxlipux.de\/blog\/wp-content\/uploads\/2014\/07\/2014-Ostseewellenerkenntnis.jpg\"><img loading=\"lazy\" decoding=\"async\" class=\"aligncenter  wp-image-18733\" alt=\"2014 Ostseewellenerkenntnis\" src=\"http:\/\/huxlipux.de\/blog\/wp-content\/uploads\/2014\/07\/2014-Ostseewellenerkenntnis.jpg\" width=\"368\" height=\"277\" srcset=\"https:\/\/huxlipux.de\/blog\/wp-content\/uploads\/2014\/07\/2014-Ostseewellenerkenntnis.jpg 1024w, https:\/\/huxlipux.de\/blog\/wp-content\/uploads\/2014\/07\/2014-Ostseewellenerkenntnis-300x225.jpg 300w\" sizes=\"auto, (max-width: 368px) 100vw, 368px\" \/><\/a>Na, da werden sie halt heute buddeln.<a href=\"http:\/\/huxlipux.de\/blog\/wp-content\/uploads\/2014\/07\/2014-Ferientag-Buddelkonditorei.jpg\"><img loading=\"lazy\" decoding=\"async\" class=\"aligncenter  wp-image-18734\" alt=\"2014 Ferientag Buddelkonditorei\" src=\"http:\/\/huxlipux.de\/blog\/wp-content\/uploads\/2014\/07\/2014-Ferientag-Buddelkonditorei.jpg\" width=\"265\" height=\"198\" srcset=\"https:\/\/huxlipux.de\/blog\/wp-content\/uploads\/2014\/07\/2014-Ferientag-Buddelkonditorei.jpg 1024w, https:\/\/huxlipux.de\/blog\/wp-content\/uploads\/2014\/07\/2014-Ferientag-Buddelkonditorei-300x224.jpg 300w\" sizes=\"auto, (max-width: 265px) 100vw, 265px\" \/><\/a>Eine Konditorei. Sie streiten um den Namen, den sie ihr geben wollen. Lilli m\u00f6chte sie &#8222;S\u00fc\u00dfe Ecke&#8220; nennen, und das K\u00e4ngi &#8222;Heringsbude&#8220;, wegen dem Ort Heringsdorf . Weil keiner nachgeben will, endet ihr Spiel hier und sie gucken mal, was andere so gebaut haben.<a href=\"http:\/\/huxlipux.de\/blog\/wp-content\/uploads\/2014\/07\/2015-Ferientage-Schildi-K.jpg\"><img loading=\"lazy\" decoding=\"async\" class=\"aligncenter  wp-image-18735\" alt=\"2015 Ferientage Schildi K\" src=\"http:\/\/huxlipux.de\/blog\/wp-content\/uploads\/2014\/07\/2015-Ferientage-Schildi-K.jpg\" width=\"294\" height=\"220\" srcset=\"https:\/\/huxlipux.de\/blog\/wp-content\/uploads\/2014\/07\/2015-Ferientage-Schildi-K.jpg 1024w, https:\/\/huxlipux.de\/blog\/wp-content\/uploads\/2014\/07\/2015-Ferientage-Schildi-K-300x224.jpg 300w\" sizes=\"auto, (max-width: 294px) 100vw, 294px\" \/><\/a>Oh, eine gro\u00dfe Schildkr\u00f6te.<a href=\"http:\/\/huxlipux.de\/blog\/wp-content\/uploads\/2014\/07\/2014-Ferientag-Bud.-Nein-nein-er-bei\u00dft-nicht.jpg\"><img loading=\"lazy\" decoding=\"async\" class=\"aligncenter  wp-image-18736\" alt=\"2014 Ferientag Bud. Nein, nein, er bei\u00dft nicht\" src=\"http:\/\/huxlipux.de\/blog\/wp-content\/uploads\/2014\/07\/2014-Ferientag-Bud.-Nein-nein-er-bei\u00dft-nicht.jpg\" width=\"368\" height=\"275\" srcset=\"https:\/\/huxlipux.de\/blog\/wp-content\/uploads\/2014\/07\/2014-Ferientag-Bud.-Nein-nein-er-bei\u00dft-nicht.jpg 1024w, https:\/\/huxlipux.de\/blog\/wp-content\/uploads\/2014\/07\/2014-Ferientag-Bud.-Nein-nein-er-bei\u00dft-nicht-300x224.jpg 300w\" sizes=\"auto, (max-width: 368px) 100vw, 368px\" \/><\/a>Prinzessin Hopsasa hat vor diesem Tier keine Angst. Aber es zeigt\u00a0 ziemlich viele Muschelz\u00e4hne. Na, nach oben auf den R\u00fccken k\u00f6nnen die kurzen Arme nicht langen.<a href=\"http:\/\/huxlipux.de\/blog\/wp-content\/uploads\/2014\/07\/2014-Ferientag-Bud.auf-dem-S.flugz_.K.jpg\"><img loading=\"lazy\" decoding=\"async\" class=\"aligncenter  wp-image-18737\" alt=\"2014 Ferientag Bud.auf dem S.flugz.K\" src=\"http:\/\/huxlipux.de\/blog\/wp-content\/uploads\/2014\/07\/2014-Ferientag-Bud.auf-dem-S.flugz_.K.jpg\" width=\"294\" height=\"220\" srcset=\"https:\/\/huxlipux.de\/blog\/wp-content\/uploads\/2014\/07\/2014-Ferientag-Bud.auf-dem-S.flugz_.K.jpg 1024w, https:\/\/huxlipux.de\/blog\/wp-content\/uploads\/2014\/07\/2014-Ferientag-Bud.auf-dem-S.flugz_.K-300x224.jpg 300w\" sizes=\"auto, (max-width: 294px) 100vw, 294px\" \/><\/a>Aufsteigen, zu einem Rundflug \u00fcber die Ostsee!<a href=\"http:\/\/huxlipux.de\/blog\/wp-content\/uploads\/2014\/07\/2014-Ferient.-flugzeug-mit-Anh..jpg\"><img loading=\"lazy\" decoding=\"async\" class=\"aligncenter  wp-image-18738\" alt=\"2014 Ferient. flugzeug mit Anh.\" src=\"http:\/\/huxlipux.de\/blog\/wp-content\/uploads\/2014\/07\/2014-Ferient.-flugzeug-mit-Anh..jpg\" width=\"368\" height=\"277\" srcset=\"https:\/\/huxlipux.de\/blog\/wp-content\/uploads\/2014\/07\/2014-Ferient.-flugzeug-mit-Anh..jpg 1024w, https:\/\/huxlipux.de\/blog\/wp-content\/uploads\/2014\/07\/2014-Ferient.-flugzeug-mit-Anh.-300x225.jpg 300w\" sizes=\"auto, (max-width: 368px) 100vw, 368px\" \/><\/a>Da fliegen sie und ein Rettungslufttier hinterher. Das f\u00e4ngt auf, wenn einer aus dem Flugzeugfenster f\u00e4llt. <a href=\"http:\/\/huxlipux.de\/blog\/wp-content\/uploads\/2014\/07\/2014-Abendliedersingen-auf-S.Berg-K.jpg\"><img loading=\"lazy\" decoding=\"async\" class=\"aligncenter  wp-image-18739\" alt=\"2014 Abendliedersingen auf S.Berg K\" src=\"http:\/\/huxlipux.de\/blog\/wp-content\/uploads\/2014\/07\/2014-Abendliedersingen-auf-S.Berg-K.jpg\" width=\"368\" height=\"275\" srcset=\"https:\/\/huxlipux.de\/blog\/wp-content\/uploads\/2014\/07\/2014-Abendliedersingen-auf-S.Berg-K.jpg 1024w, https:\/\/huxlipux.de\/blog\/wp-content\/uploads\/2014\/07\/2014-Abendliedersingen-auf-S.Berg-K-300x224.jpg 300w\" sizes=\"auto, (max-width: 368px) 100vw, 368px\" \/><\/a>Schnell huscht so ein Tag vorbei. schon vergoldet die Abendsonne die Strandburg. Alle sitzen darauf und singen ein Abendlied.<\/p>\n<p style=\"text-align: center;\"><audio class=\"wp-audio-shortcode\" id=\"audio-18730-1\" preload=\"none\" style=\"width: 100%;\" controls=\"controls\"><source type=\"audio\/mpeg\" src=\"http:\/\/huxlipux.de\/blog\/wp-content\/uploads\/2014\/07\/Traumbaum.mp3?_=1\" \/><a href=\"http:\/\/huxlipux.de\/blog\/wp-content\/uploads\/2014\/07\/Traumbaum.mp3\">http:\/\/huxlipux.de\/blog\/wp-content\/uploads\/2014\/07\/Traumbaum.mp3<\/a><\/audio><\/p>\n<p style=\"text-align: center;\">Gute Nacht dann\u00a0 miteinander!<\/p>\n","protected":false},"excerpt":{"rendered":"<p class=\"excerpt\">Alles einsteigen! Nicht so dr\u00e4ngeln. Maxl ist der Fahrer. Weil sie keine Hupe am Auto haben muss H\u00e4hnchen aus dem Auto heraus kr\u00e4hen, wenn ein Hindernis auftaucht. Am Wegrand stehen&hellip; <span class=\"more-link\">more<\/span><\/p>\n","protected":false},"author":2,"featured_media":0,"comment_status":"open","ping_status":"open","sticky":false,"template":"","format":"standard","meta":{"footnotes":""},"categories":[1],"tags":[],"class_list":["post-18730","post","type-post","status-publish","format-standard","hentry","category-hasenoma"],"yoast_head":"<!-- This site is optimized with the Yoast SEO plugin v26.9 - https:\/\/yoast.com\/product\/yoast-seo-wordpress\/ -->\n<title>Ferienlagertag: Auto ist da - Huxlipux.de<\/title>\n<meta name=\"robots\" content=\"index, follow, max-snippet:-1, max-image-preview:large, max-video-preview:-1\" \/>\n<link rel=\"canonical\" href=\"https:\/\/huxlipux.de\/blog\/2014\/07\/ferienlagertag-auto-ist-da\/\" \/>\n<meta property=\"og:locale\" content=\"de_DE\" \/>\n<meta property=\"og:type\" content=\"article\" \/>\n<meta property=\"og:title\" content=\"Ferienlagertag: Auto ist da - Huxlipux.de\" \/>\n<meta property=\"og:description\" content=\"Alles einsteigen! Nicht so dr\u00e4ngeln. Maxl ist der Fahrer. Weil sie keine Hupe am Auto haben muss H\u00e4hnchen aus dem Auto heraus kr\u00e4hen, wenn ein Hindernis auftaucht. Am Wegrand stehen&hellip; more\" \/>\n<meta property=\"og:url\" content=\"https:\/\/huxlipux.de\/blog\/2014\/07\/ferienlagertag-auto-ist-da\/\" \/>\n<meta property=\"og:site_name\" content=\"Huxlipux.de\" \/>\n<meta property=\"article:published_time\" content=\"2014-07-25T21:22:14+00:00\" \/>\n<meta property=\"og:image\" content=\"https:\/\/huxlipux.de\/blog\/wp-content\/uploads\/2014\/07\/2014-Ferientag-Jetzt-gehts-an-den-Strand.jpg\" \/>\n\t<meta property=\"og:image:width\" content=\"979\" \/>\n\t<meta property=\"og:image:height\" content=\"888\" \/>\n\t<meta property=\"og:image:type\" content=\"image\/jpeg\" \/>\n<meta name=\"author\" content=\"Ursula B\u00f6hnke-Kuckhoff\" \/>\n<meta name=\"twitter:label1\" content=\"Verfasst von\" \/>\n\t<meta name=\"twitter:data1\" content=\"Ursula B\u00f6hnke-Kuckhoff\" \/>\n\t<meta name=\"twitter:label2\" content=\"Gesch\u00e4tzte Lesezeit\" \/>\n\t<meta name=\"twitter:data2\" content=\"1\u00a0Minute\" \/>\n<script type=\"application\/ld+json\" class=\"yoast-schema-graph\">{\"@context\":\"https:\/\/schema.org\",\"@graph\":[{\"@type\":\"Article\",\"@id\":\"https:\/\/huxlipux.de\/blog\/2014\/07\/ferienlagertag-auto-ist-da\/#article\",\"isPartOf\":{\"@id\":\"https:\/\/huxlipux.de\/blog\/2014\/07\/ferienlagertag-auto-ist-da\/\"},\"author\":{\"name\":\"Ursula B\u00f6hnke-Kuckhoff\",\"@id\":\"https:\/\/huxlipux.de\/blog\/#\/schema\/person\/f2a857fac0c9223e32b50adc8a05fa1f\"},\"headline\":\"Ferienlagertag: Auto ist da\",\"datePublished\":\"2014-07-25T21:22:14+00:00\",\"mainEntityOfPage\":{\"@id\":\"https:\/\/huxlipux.de\/blog\/2014\/07\/ferienlagertag-auto-ist-da\/\"},\"wordCount\":263,\"commentCount\":0,\"image\":{\"@id\":\"https:\/\/huxlipux.de\/blog\/2014\/07\/ferienlagertag-auto-ist-da\/#primaryimage\"},\"thumbnailUrl\":\"http:\/\/huxlipux.de\/blog\/wp-content\/uploads\/2014\/07\/2014-Ferientag-Jetzt-gehts-an-den-Strand.jpg\",\"articleSection\":[\"Hasenoma und ihre Freunde\"],\"inLanguage\":\"de\",\"potentialAction\":[{\"@type\":\"CommentAction\",\"name\":\"Comment\",\"target\":[\"https:\/\/huxlipux.de\/blog\/2014\/07\/ferienlagertag-auto-ist-da\/#respond\"]}]},{\"@type\":\"WebPage\",\"@id\":\"https:\/\/huxlipux.de\/blog\/2014\/07\/ferienlagertag-auto-ist-da\/\",\"url\":\"https:\/\/huxlipux.de\/blog\/2014\/07\/ferienlagertag-auto-ist-da\/\",\"name\":\"Ferienlagertag: Auto ist da - Huxlipux.de\",\"isPartOf\":{\"@id\":\"https:\/\/huxlipux.de\/blog\/#website\"},\"primaryImageOfPage\":{\"@id\":\"https:\/\/huxlipux.de\/blog\/2014\/07\/ferienlagertag-auto-ist-da\/#primaryimage\"},\"image\":{\"@id\":\"https:\/\/huxlipux.de\/blog\/2014\/07\/ferienlagertag-auto-ist-da\/#primaryimage\"},\"thumbnailUrl\":\"http:\/\/huxlipux.de\/blog\/wp-content\/uploads\/2014\/07\/2014-Ferientag-Jetzt-gehts-an-den-Strand.jpg\",\"datePublished\":\"2014-07-25T21:22:14+00:00\",\"author\":{\"@id\":\"https:\/\/huxlipux.de\/blog\/#\/schema\/person\/f2a857fac0c9223e32b50adc8a05fa1f\"},\"breadcrumb\":{\"@id\":\"https:\/\/huxlipux.de\/blog\/2014\/07\/ferienlagertag-auto-ist-da\/#breadcrumb\"},\"inLanguage\":\"de\",\"potentialAction\":[{\"@type\":\"ReadAction\",\"target\":[\"https:\/\/huxlipux.de\/blog\/2014\/07\/ferienlagertag-auto-ist-da\/\"]}]},{\"@type\":\"ImageObject\",\"inLanguage\":\"de\",\"@id\":\"https:\/\/huxlipux.de\/blog\/2014\/07\/ferienlagertag-auto-ist-da\/#primaryimage\",\"url\":\"http:\/\/huxlipux.de\/blog\/wp-content\/uploads\/2014\/07\/2014-Ferientag-Jetzt-gehts-an-den-Strand.jpg\",\"contentUrl\":\"http:\/\/huxlipux.de\/blog\/wp-content\/uploads\/2014\/07\/2014-Ferientag-Jetzt-gehts-an-den-Strand.jpg\"},{\"@type\":\"BreadcrumbList\",\"@id\":\"https:\/\/huxlipux.de\/blog\/2014\/07\/ferienlagertag-auto-ist-da\/#breadcrumb\",\"itemListElement\":[{\"@type\":\"ListItem\",\"position\":1,\"name\":\"Home\",\"item\":\"https:\/\/huxlipux.de\/blog\/\"},{\"@type\":\"ListItem\",\"position\":2,\"name\":\"Ferienlagertag: Auto ist da\"}]},{\"@type\":\"WebSite\",\"@id\":\"https:\/\/huxlipux.de\/blog\/#website\",\"url\":\"https:\/\/huxlipux.de\/blog\/\",\"name\":\"Huxlipux.de\",\"description\":\"Kinder-Geschichten Blog f\u00fcr Kinder von 3 bis 99\",\"potentialAction\":[{\"@type\":\"SearchAction\",\"target\":{\"@type\":\"EntryPoint\",\"urlTemplate\":\"https:\/\/huxlipux.de\/blog\/?s={search_term_string}\"},\"query-input\":{\"@type\":\"PropertyValueSpecification\",\"valueRequired\":true,\"valueName\":\"search_term_string\"}}],\"inLanguage\":\"de\"},{\"@type\":\"Person\",\"@id\":\"https:\/\/huxlipux.de\/blog\/#\/schema\/person\/f2a857fac0c9223e32b50adc8a05fa1f\",\"name\":\"Ursula B\u00f6hnke-Kuckhoff\",\"sameAs\":[\"http:\/\/www.huxlipux.de\"],\"url\":\"https:\/\/huxlipux.de\/blog\/author\/uweboe\/\"}]}<\/script>\n<!-- \/ Yoast SEO plugin. -->","yoast_head_json":{"title":"Ferienlagertag: Auto ist da - Huxlipux.de","robots":{"index":"index","follow":"follow","max-snippet":"max-snippet:-1","max-image-preview":"max-image-preview:large","max-video-preview":"max-video-preview:-1"},"canonical":"https:\/\/huxlipux.de\/blog\/2014\/07\/ferienlagertag-auto-ist-da\/","og_locale":"de_DE","og_type":"article","og_title":"Ferienlagertag: Auto ist da - Huxlipux.de","og_description":"Alles einsteigen! Nicht so dr\u00e4ngeln. Maxl ist der Fahrer. Weil sie keine Hupe am Auto haben muss H\u00e4hnchen aus dem Auto heraus kr\u00e4hen, wenn ein Hindernis auftaucht. Am Wegrand stehen&hellip; more","og_url":"https:\/\/huxlipux.de\/blog\/2014\/07\/ferienlagertag-auto-ist-da\/","og_site_name":"Huxlipux.de","article_published_time":"2014-07-25T21:22:14+00:00","og_image":[{"width":979,"height":888,"url":"https:\/\/huxlipux.de\/blog\/wp-content\/uploads\/2014\/07\/2014-Ferientag-Jetzt-gehts-an-den-Strand.jpg","type":"image\/jpeg"}],"author":"Ursula B\u00f6hnke-Kuckhoff","twitter_misc":{"Verfasst von":"Ursula B\u00f6hnke-Kuckhoff","Gesch\u00e4tzte Lesezeit":"1\u00a0Minute"},"schema":{"@context":"https:\/\/schema.org","@graph":[{"@type":"Article","@id":"https:\/\/huxlipux.de\/blog\/2014\/07\/ferienlagertag-auto-ist-da\/#article","isPartOf":{"@id":"https:\/\/huxlipux.de\/blog\/2014\/07\/ferienlagertag-auto-ist-da\/"},"author":{"name":"Ursula B\u00f6hnke-Kuckhoff","@id":"https:\/\/huxlipux.de\/blog\/#\/schema\/person\/f2a857fac0c9223e32b50adc8a05fa1f"},"headline":"Ferienlagertag: Auto ist da","datePublished":"2014-07-25T21:22:14+00:00","mainEntityOfPage":{"@id":"https:\/\/huxlipux.de\/blog\/2014\/07\/ferienlagertag-auto-ist-da\/"},"wordCount":263,"commentCount":0,"image":{"@id":"https:\/\/huxlipux.de\/blog\/2014\/07\/ferienlagertag-auto-ist-da\/#primaryimage"},"thumbnailUrl":"http:\/\/huxlipux.de\/blog\/wp-content\/uploads\/2014\/07\/2014-Ferientag-Jetzt-gehts-an-den-Strand.jpg","articleSection":["Hasenoma und ihre Freunde"],"inLanguage":"de","potentialAction":[{"@type":"CommentAction","name":"Comment","target":["https:\/\/huxlipux.de\/blog\/2014\/07\/ferienlagertag-auto-ist-da\/#respond"]}]},{"@type":"WebPage","@id":"https:\/\/huxlipux.de\/blog\/2014\/07\/ferienlagertag-auto-ist-da\/","url":"https:\/\/huxlipux.de\/blog\/2014\/07\/ferienlagertag-auto-ist-da\/","name":"Ferienlagertag: Auto ist da - Huxlipux.de","isPartOf":{"@id":"https:\/\/huxlipux.de\/blog\/#website"},"primaryImageOfPage":{"@id":"https:\/\/huxlipux.de\/blog\/2014\/07\/ferienlagertag-auto-ist-da\/#primaryimage"},"image":{"@id":"https:\/\/huxlipux.de\/blog\/2014\/07\/ferienlagertag-auto-ist-da\/#primaryimage"},"thumbnailUrl":"http:\/\/huxlipux.de\/blog\/wp-content\/uploads\/2014\/07\/2014-Ferientag-Jetzt-gehts-an-den-Strand.jpg","datePublished":"2014-07-25T21:22:14+00:00","author":{"@id":"https:\/\/huxlipux.de\/blog\/#\/schema\/person\/f2a857fac0c9223e32b50adc8a05fa1f"},"breadcrumb":{"@id":"https:\/\/huxlipux.de\/blog\/2014\/07\/ferienlagertag-auto-ist-da\/#breadcrumb"},"inLanguage":"de","potentialAction":[{"@type":"ReadAction","target":["https:\/\/huxlipux.de\/blog\/2014\/07\/ferienlagertag-auto-ist-da\/"]}]},{"@type":"ImageObject","inLanguage":"de","@id":"https:\/\/huxlipux.de\/blog\/2014\/07\/ferienlagertag-auto-ist-da\/#primaryimage","url":"http:\/\/huxlipux.de\/blog\/wp-content\/uploads\/2014\/07\/2014-Ferientag-Jetzt-gehts-an-den-Strand.jpg","contentUrl":"http:\/\/huxlipux.de\/blog\/wp-content\/uploads\/2014\/07\/2014-Ferientag-Jetzt-gehts-an-den-Strand.jpg"},{"@type":"BreadcrumbList","@id":"https:\/\/huxlipux.de\/blog\/2014\/07\/ferienlagertag-auto-ist-da\/#breadcrumb","itemListElement":[{"@type":"ListItem","position":1,"name":"Home","item":"https:\/\/huxlipux.de\/blog\/"},{"@type":"ListItem","position":2,"name":"Ferienlagertag: Auto ist da"}]},{"@type":"WebSite","@id":"https:\/\/huxlipux.de\/blog\/#website","url":"https:\/\/huxlipux.de\/blog\/","name":"Huxlipux.de","description":"Kinder-Geschichten Blog f\u00fcr Kinder von 3 bis 99","potentialAction":[{"@type":"SearchAction","target":{"@type":"EntryPoint","urlTemplate":"https:\/\/huxlipux.de\/blog\/?s={search_term_string}"},"query-input":{"@type":"PropertyValueSpecification","valueRequired":true,"valueName":"search_term_string"}}],"inLanguage":"de"},{"@type":"Person","@id":"https:\/\/huxlipux.de\/blog\/#\/schema\/person\/f2a857fac0c9223e32b50adc8a05fa1f","name":"Ursula B\u00f6hnke-Kuckhoff","sameAs":["http:\/\/www.huxlipux.de"],"url":"https:\/\/huxlipux.de\/blog\/author\/uweboe\/"}]}},"_links":{"self":[{"href":"https:\/\/huxlipux.de\/blog\/wp-json\/wp\/v2\/posts\/18730","targetHints":{"allow":["GET"]}}],"collection":[{"href":"https:\/\/huxlipux.de\/blog\/wp-json\/wp\/v2\/posts"}],"about":[{"href":"https:\/\/huxlipux.de\/blog\/wp-json\/wp\/v2\/types\/post"}],"author":[{"embeddable":true,"href":"https:\/\/huxlipux.de\/blog\/wp-json\/wp\/v2\/users\/2"}],"replies":[{"embeddable":true,"href":"https:\/\/huxlipux.de\/blog\/wp-json\/wp\/v2\/comments?post=18730"}],"version-history":[{"count":4,"href":"https:\/\/huxlipux.de\/blog\/wp-json\/wp\/v2\/posts\/18730\/revisions"}],"predecessor-version":[{"id":18756,"href":"https:\/\/huxlipux.de\/blog\/wp-json\/wp\/v2\/posts\/18730\/revisions\/18756"}],"wp:attachment":[{"href":"https:\/\/huxlipux.de\/blog\/wp-json\/wp\/v2\/media?parent=18730"}],"wp:term":[{"taxonomy":"category","embeddable":true,"href":"https:\/\/huxlipux.de\/blog\/wp-json\/wp\/v2\/categories?post=18730"},{"taxonomy":"post_tag","embeddable":true,"href":"https:\/\/huxlipux.de\/blog\/wp-json\/wp\/v2\/tags?post=18730"}],"curies":[{"name":"wp","href":"https:\/\/api.w.org\/{rel}","templated":true}]}}