{"id":17260,"date":"2014-03-31T23:25:41","date_gmt":"2014-03-31T21:25:41","guid":{"rendered":"http:\/\/huxlipux.de\/blog\/?p=17260"},"modified":"2014-04-08T07:49:42","modified_gmt":"2014-04-08T05:49:42","slug":"17260","status":"publish","type":"post","link":"https:\/\/huxlipux.de\/blog\/2014\/03\/17260\/","title":{"rendered":"Mit der besten Omi wandern"},"content":{"rendered":"<p style=\"text-align: center;\"><a href=\"http:\/\/huxlipux.de\/blog\/wp-content\/uploads\/2014\/03\/31.3.14-Sch\u00f6n-ists-in-Bayern.jpg\"><img loading=\"lazy\" decoding=\"async\" class=\"aligncenter  wp-image-17261\" alt=\"31.3.14 Sch\u00f6n ists in Bayern\" src=\"http:\/\/huxlipux.de\/blog\/wp-content\/uploads\/2014\/03\/31.3.14-Sch\u00f6n-ists-in-Bayern.jpg\" width=\"461\" height=\"346\" srcset=\"https:\/\/huxlipux.de\/blog\/wp-content\/uploads\/2014\/03\/31.3.14-Sch\u00f6n-ists-in-Bayern.jpg 960w, https:\/\/huxlipux.de\/blog\/wp-content\/uploads\/2014\/03\/31.3.14-Sch\u00f6n-ists-in-Bayern-300x225.jpg 300w\" sizes=\"auto, (max-width: 461px) 100vw, 461px\" \/><\/a><\/p>\n<p style=\"text-align: center;\"><img loading=\"lazy\" decoding=\"async\" class=\"aligncenter\" alt=\"\" src=\"https:\/\/fbcdn-sphotos-c-a.akamaihd.net\/hphotos-ak-frc3\/t1.0-9\/10168065_601678329917412_1360066071_n.jpg\" width=\"461\" height=\"346\" \/>Sch\u00f6n ist es hier, aber wir sind nicht hierher verreist sondern machen mit Oma &#8211; \u00fcbrigens der besten Oma der Welt &#8211; einen Ausflug.<a href=\"http:\/\/huxlipux.de\/blog\/wp-content\/uploads\/2014\/03\/31.3.14-Ferdi-mit-Birkenstirnband.jpg\"><img loading=\"lazy\" decoding=\"async\" class=\"aligncenter  wp-image-17262\" alt=\"31.3.14 Ferdi mit Birkenstirnband\" src=\"http:\/\/huxlipux.de\/blog\/wp-content\/uploads\/2014\/03\/31.3.14-Ferdi-mit-Birkenstirnband.jpg\" width=\"346\" height=\"461\" srcset=\"https:\/\/huxlipux.de\/blog\/wp-content\/uploads\/2014\/03\/31.3.14-Ferdi-mit-Birkenstirnband.jpg 720w, https:\/\/huxlipux.de\/blog\/wp-content\/uploads\/2014\/03\/31.3.14-Ferdi-mit-Birkenstirnband-225x300.jpg 225w\" sizes=\"auto, (max-width: 346px) 100vw, 346px\" \/><\/a>Ferdi hat ein Birkenrindenstirnband<a href=\"http:\/\/huxlipux.de\/blog\/wp-content\/uploads\/2014\/03\/31.3.14-Felix-mit-Stock.jpg\"><img loading=\"lazy\" decoding=\"async\" class=\"aligncenter  wp-image-17265\" alt=\"31.3.14 Felix mit Stock\" src=\"http:\/\/huxlipux.de\/blog\/wp-content\/uploads\/2014\/03\/31.3.14-Felix-mit-Stock.jpg\" width=\"340\" height=\"369\" srcset=\"https:\/\/huxlipux.de\/blog\/wp-content\/uploads\/2014\/03\/31.3.14-Felix-mit-Stock.jpg 885w, https:\/\/huxlipux.de\/blog\/wp-content\/uploads\/2014\/03\/31.3.14-Felix-mit-Stock-276x300.jpg 276w\" sizes=\"auto, (max-width: 340px) 100vw, 340px\" \/><\/a>Was Felix hier ausmisst, kann man nicht erkennen.<a href=\"http:\/\/huxlipux.de\/blog\/wp-content\/uploads\/2014\/03\/31.3.14-Graug\u00e4nse-unterhalten-sich.jpg\"><img loading=\"lazy\" decoding=\"async\" class=\"aligncenter  wp-image-17268\" alt=\"31.3.14 Graug\u00e4nse unterhalten sich\" src=\"http:\/\/huxlipux.de\/blog\/wp-content\/uploads\/2014\/03\/31.3.14-Graug\u00e4nse-unterhalten-sich.jpg\" width=\"461\" height=\"346\" srcset=\"https:\/\/huxlipux.de\/blog\/wp-content\/uploads\/2014\/03\/31.3.14-Graug\u00e4nse-unterhalten-sich.jpg 960w, https:\/\/huxlipux.de\/blog\/wp-content\/uploads\/2014\/03\/31.3.14-Graug\u00e4nse-unterhalten-sich-300x225.jpg 300w\" sizes=\"auto, (max-width: 461px) 100vw, 461px\" \/><\/a>Zwei Graug\u00e4nse schw\u00e4tzeln. Habt Ihr etwa geh\u00f6rt, was sie f\u00fcr ein Geheimnis haben?<a href=\"http:\/\/huxlipux.de\/blog\/wp-content\/uploads\/2014\/03\/31.3.14-Keine-Angst-Ferdi.jpg\"><img loading=\"lazy\" decoding=\"async\" class=\"aligncenter  wp-image-17266\" alt=\"31.3.14 Keine Angst Ferdi\" src=\"http:\/\/huxlipux.de\/blog\/wp-content\/uploads\/2014\/03\/31.3.14-Keine-Angst-Ferdi.jpg\" width=\"461\" height=\"346\" srcset=\"https:\/\/huxlipux.de\/blog\/wp-content\/uploads\/2014\/03\/31.3.14-Keine-Angst-Ferdi.jpg 960w, https:\/\/huxlipux.de\/blog\/wp-content\/uploads\/2014\/03\/31.3.14-Keine-Angst-Ferdi-300x225.jpg 300w\" sizes=\"auto, (max-width: 461px) 100vw, 461px\" \/><\/a>Ob jeder so mutig ist, wie Ferdi? Da hockt immerhin ein Affe!<a href=\"http:\/\/huxlipux.de\/blog\/wp-content\/uploads\/2014\/03\/31.3.14-Sieglinde.jpg\"><img loading=\"lazy\" decoding=\"async\" class=\"aligncenter  wp-image-17267\" alt=\"31.3.14 Sieglinde\" src=\"http:\/\/huxlipux.de\/blog\/wp-content\/uploads\/2014\/03\/31.3.14-Sieglinde.jpg\" width=\"443\" height=\"315\" srcset=\"https:\/\/huxlipux.de\/blog\/wp-content\/uploads\/2014\/03\/31.3.14-Sieglinde.jpg 960w, https:\/\/huxlipux.de\/blog\/wp-content\/uploads\/2014\/03\/31.3.14-Sieglinde-300x213.jpg 300w\" sizes=\"auto, (max-width: 443px) 100vw, 443px\" \/><\/a>Omi ist stolz auf den Gro\u00dfen! Im Hintergrund der Bodensee<\/p>\n<p style=\"text-align: center;\"><em>Fotos: Sieglinde Faber<\/em><\/p>\n","protected":false},"excerpt":{"rendered":"<p class=\"excerpt\">Sch\u00f6n ist es hier, aber wir sind nicht hierher verreist sondern machen mit Oma &#8211; \u00fcbrigens der besten Oma der Welt &#8211; einen Ausflug.Ferdi hat ein BirkenrindenstirnbandWas Felix hier ausmisst,&hellip; <span class=\"more-link\">more<\/span><\/p>\n","protected":false},"author":2,"featured_media":0,"comment_status":"open","ping_status":"open","sticky":false,"template":"","format":"standard","meta":{"footnotes":""},"categories":[6],"tags":[],"class_list":["post-17260","post","type-post","status-publish","format-standard","hentry","category-post"],"yoast_head":"<!-- This site is optimized with the Yoast SEO plugin v26.9 - https:\/\/yoast.com\/product\/yoast-seo-wordpress\/ -->\n<title>Mit der besten Omi wandern - Huxlipux.de<\/title>\n<meta name=\"robots\" content=\"index, follow, max-snippet:-1, max-image-preview:large, max-video-preview:-1\" \/>\n<link rel=\"canonical\" href=\"https:\/\/huxlipux.de\/blog\/2014\/03\/17260\/\" \/>\n<meta property=\"og:locale\" content=\"de_DE\" \/>\n<meta property=\"og:type\" content=\"article\" \/>\n<meta property=\"og:title\" content=\"Mit der besten Omi wandern - Huxlipux.de\" \/>\n<meta property=\"og:description\" content=\"Sch\u00f6n ist es hier, aber wir sind nicht hierher verreist sondern machen mit Oma &#8211; \u00fcbrigens der besten Oma der Welt &#8211; einen Ausflug.Ferdi hat ein BirkenrindenstirnbandWas Felix hier ausmisst,&hellip; more\" \/>\n<meta property=\"og:url\" content=\"https:\/\/huxlipux.de\/blog\/2014\/03\/17260\/\" \/>\n<meta property=\"og:site_name\" content=\"Huxlipux.de\" \/>\n<meta property=\"article:published_time\" content=\"2014-03-31T21:25:41+00:00\" \/>\n<meta property=\"article:modified_time\" content=\"2014-04-08T05:49:42+00:00\" \/>\n<meta property=\"og:image\" content=\"https:\/\/fbcdn-sphotos-c-a.akamaihd.net\/hphotos-ak-frc3\/t1.0-9\/10168065_601678329917412_1360066071_n.jpg\" \/>\n<meta name=\"author\" content=\"Ursula B\u00f6hnke-Kuckhoff\" \/>\n<meta name=\"twitter:label1\" content=\"Verfasst von\" \/>\n\t<meta name=\"twitter:data1\" content=\"Ursula B\u00f6hnke-Kuckhoff\" \/>\n<script type=\"application\/ld+json\" class=\"yoast-schema-graph\">{\"@context\":\"https:\/\/schema.org\",\"@graph\":[{\"@type\":\"Article\",\"@id\":\"https:\/\/huxlipux.de\/blog\/2014\/03\/17260\/#article\",\"isPartOf\":{\"@id\":\"https:\/\/huxlipux.de\/blog\/2014\/03\/17260\/\"},\"author\":{\"name\":\"Ursula B\u00f6hnke-Kuckhoff\",\"@id\":\"https:\/\/huxlipux.de\/blog\/#\/schema\/person\/f2a857fac0c9223e32b50adc8a05fa1f\"},\"headline\":\"Mit der besten Omi wandern\",\"datePublished\":\"2014-03-31T21:25:41+00:00\",\"dateModified\":\"2014-04-08T05:49:42+00:00\",\"mainEntityOfPage\":{\"@id\":\"https:\/\/huxlipux.de\/blog\/2014\/03\/17260\/\"},\"wordCount\":85,\"commentCount\":0,\"image\":{\"@id\":\"https:\/\/huxlipux.de\/blog\/2014\/03\/17260\/#primaryimage\"},\"thumbnailUrl\":\"https:\/\/fbcdn-sphotos-c-a.akamaihd.net\/hphotos-ak-frc3\/t1.0-9\/10168065_601678329917412_1360066071_n.jpg\",\"articleSection\":[\"Post\"],\"inLanguage\":\"de\",\"potentialAction\":[{\"@type\":\"CommentAction\",\"name\":\"Comment\",\"target\":[\"https:\/\/huxlipux.de\/blog\/2014\/03\/17260\/#respond\"]}]},{\"@type\":\"WebPage\",\"@id\":\"https:\/\/huxlipux.de\/blog\/2014\/03\/17260\/\",\"url\":\"https:\/\/huxlipux.de\/blog\/2014\/03\/17260\/\",\"name\":\"Mit der besten Omi wandern - Huxlipux.de\",\"isPartOf\":{\"@id\":\"https:\/\/huxlipux.de\/blog\/#website\"},\"primaryImageOfPage\":{\"@id\":\"https:\/\/huxlipux.de\/blog\/2014\/03\/17260\/#primaryimage\"},\"image\":{\"@id\":\"https:\/\/huxlipux.de\/blog\/2014\/03\/17260\/#primaryimage\"},\"thumbnailUrl\":\"https:\/\/fbcdn-sphotos-c-a.akamaihd.net\/hphotos-ak-frc3\/t1.0-9\/10168065_601678329917412_1360066071_n.jpg\",\"datePublished\":\"2014-03-31T21:25:41+00:00\",\"dateModified\":\"2014-04-08T05:49:42+00:00\",\"author\":{\"@id\":\"https:\/\/huxlipux.de\/blog\/#\/schema\/person\/f2a857fac0c9223e32b50adc8a05fa1f\"},\"breadcrumb\":{\"@id\":\"https:\/\/huxlipux.de\/blog\/2014\/03\/17260\/#breadcrumb\"},\"inLanguage\":\"de\",\"potentialAction\":[{\"@type\":\"ReadAction\",\"target\":[\"https:\/\/huxlipux.de\/blog\/2014\/03\/17260\/\"]}]},{\"@type\":\"ImageObject\",\"inLanguage\":\"de\",\"@id\":\"https:\/\/huxlipux.de\/blog\/2014\/03\/17260\/#primaryimage\",\"url\":\"https:\/\/fbcdn-sphotos-c-a.akamaihd.net\/hphotos-ak-frc3\/t1.0-9\/10168065_601678329917412_1360066071_n.jpg\",\"contentUrl\":\"https:\/\/fbcdn-sphotos-c-a.akamaihd.net\/hphotos-ak-frc3\/t1.0-9\/10168065_601678329917412_1360066071_n.jpg\"},{\"@type\":\"BreadcrumbList\",\"@id\":\"https:\/\/huxlipux.de\/blog\/2014\/03\/17260\/#breadcrumb\",\"itemListElement\":[{\"@type\":\"ListItem\",\"position\":1,\"name\":\"Home\",\"item\":\"https:\/\/huxlipux.de\/blog\/\"},{\"@type\":\"ListItem\",\"position\":2,\"name\":\"Mit der besten Omi wandern\"}]},{\"@type\":\"WebSite\",\"@id\":\"https:\/\/huxlipux.de\/blog\/#website\",\"url\":\"https:\/\/huxlipux.de\/blog\/\",\"name\":\"Huxlipux.de\",\"description\":\"Kinder-Geschichten Blog f\u00fcr Kinder von 3 bis 99\",\"potentialAction\":[{\"@type\":\"SearchAction\",\"target\":{\"@type\":\"EntryPoint\",\"urlTemplate\":\"https:\/\/huxlipux.de\/blog\/?s={search_term_string}\"},\"query-input\":{\"@type\":\"PropertyValueSpecification\",\"valueRequired\":true,\"valueName\":\"search_term_string\"}}],\"inLanguage\":\"de\"},{\"@type\":\"Person\",\"@id\":\"https:\/\/huxlipux.de\/blog\/#\/schema\/person\/f2a857fac0c9223e32b50adc8a05fa1f\",\"name\":\"Ursula B\u00f6hnke-Kuckhoff\",\"sameAs\":[\"http:\/\/www.huxlipux.de\"],\"url\":\"https:\/\/huxlipux.de\/blog\/author\/uweboe\/\"}]}<\/script>\n<!-- \/ Yoast SEO plugin. -->","yoast_head_json":{"title":"Mit der besten Omi wandern - Huxlipux.de","robots":{"index":"index","follow":"follow","max-snippet":"max-snippet:-1","max-image-preview":"max-image-preview:large","max-video-preview":"max-video-preview:-1"},"canonical":"https:\/\/huxlipux.de\/blog\/2014\/03\/17260\/","og_locale":"de_DE","og_type":"article","og_title":"Mit der besten Omi wandern - Huxlipux.de","og_description":"Sch\u00f6n ist es hier, aber wir sind nicht hierher verreist sondern machen mit Oma &#8211; \u00fcbrigens der besten Oma der Welt &#8211; einen Ausflug.Ferdi hat ein BirkenrindenstirnbandWas Felix hier ausmisst,&hellip; more","og_url":"https:\/\/huxlipux.de\/blog\/2014\/03\/17260\/","og_site_name":"Huxlipux.de","article_published_time":"2014-03-31T21:25:41+00:00","article_modified_time":"2014-04-08T05:49:42+00:00","og_image":[{"url":"https:\/\/fbcdn-sphotos-c-a.akamaihd.net\/hphotos-ak-frc3\/t1.0-9\/10168065_601678329917412_1360066071_n.jpg","type":"","width":"","height":""}],"author":"Ursula B\u00f6hnke-Kuckhoff","twitter_misc":{"Verfasst von":"Ursula B\u00f6hnke-Kuckhoff"},"schema":{"@context":"https:\/\/schema.org","@graph":[{"@type":"Article","@id":"https:\/\/huxlipux.de\/blog\/2014\/03\/17260\/#article","isPartOf":{"@id":"https:\/\/huxlipux.de\/blog\/2014\/03\/17260\/"},"author":{"name":"Ursula B\u00f6hnke-Kuckhoff","@id":"https:\/\/huxlipux.de\/blog\/#\/schema\/person\/f2a857fac0c9223e32b50adc8a05fa1f"},"headline":"Mit der besten Omi wandern","datePublished":"2014-03-31T21:25:41+00:00","dateModified":"2014-04-08T05:49:42+00:00","mainEntityOfPage":{"@id":"https:\/\/huxlipux.de\/blog\/2014\/03\/17260\/"},"wordCount":85,"commentCount":0,"image":{"@id":"https:\/\/huxlipux.de\/blog\/2014\/03\/17260\/#primaryimage"},"thumbnailUrl":"https:\/\/fbcdn-sphotos-c-a.akamaihd.net\/hphotos-ak-frc3\/t1.0-9\/10168065_601678329917412_1360066071_n.jpg","articleSection":["Post"],"inLanguage":"de","potentialAction":[{"@type":"CommentAction","name":"Comment","target":["https:\/\/huxlipux.de\/blog\/2014\/03\/17260\/#respond"]}]},{"@type":"WebPage","@id":"https:\/\/huxlipux.de\/blog\/2014\/03\/17260\/","url":"https:\/\/huxlipux.de\/blog\/2014\/03\/17260\/","name":"Mit der besten Omi wandern - Huxlipux.de","isPartOf":{"@id":"https:\/\/huxlipux.de\/blog\/#website"},"primaryImageOfPage":{"@id":"https:\/\/huxlipux.de\/blog\/2014\/03\/17260\/#primaryimage"},"image":{"@id":"https:\/\/huxlipux.de\/blog\/2014\/03\/17260\/#primaryimage"},"thumbnailUrl":"https:\/\/fbcdn-sphotos-c-a.akamaihd.net\/hphotos-ak-frc3\/t1.0-9\/10168065_601678329917412_1360066071_n.jpg","datePublished":"2014-03-31T21:25:41+00:00","dateModified":"2014-04-08T05:49:42+00:00","author":{"@id":"https:\/\/huxlipux.de\/blog\/#\/schema\/person\/f2a857fac0c9223e32b50adc8a05fa1f"},"breadcrumb":{"@id":"https:\/\/huxlipux.de\/blog\/2014\/03\/17260\/#breadcrumb"},"inLanguage":"de","potentialAction":[{"@type":"ReadAction","target":["https:\/\/huxlipux.de\/blog\/2014\/03\/17260\/"]}]},{"@type":"ImageObject","inLanguage":"de","@id":"https:\/\/huxlipux.de\/blog\/2014\/03\/17260\/#primaryimage","url":"https:\/\/fbcdn-sphotos-c-a.akamaihd.net\/hphotos-ak-frc3\/t1.0-9\/10168065_601678329917412_1360066071_n.jpg","contentUrl":"https:\/\/fbcdn-sphotos-c-a.akamaihd.net\/hphotos-ak-frc3\/t1.0-9\/10168065_601678329917412_1360066071_n.jpg"},{"@type":"BreadcrumbList","@id":"https:\/\/huxlipux.de\/blog\/2014\/03\/17260\/#breadcrumb","itemListElement":[{"@type":"ListItem","position":1,"name":"Home","item":"https:\/\/huxlipux.de\/blog\/"},{"@type":"ListItem","position":2,"name":"Mit der besten Omi wandern"}]},{"@type":"WebSite","@id":"https:\/\/huxlipux.de\/blog\/#website","url":"https:\/\/huxlipux.de\/blog\/","name":"Huxlipux.de","description":"Kinder-Geschichten Blog f\u00fcr Kinder von 3 bis 99","potentialAction":[{"@type":"SearchAction","target":{"@type":"EntryPoint","urlTemplate":"https:\/\/huxlipux.de\/blog\/?s={search_term_string}"},"query-input":{"@type":"PropertyValueSpecification","valueRequired":true,"valueName":"search_term_string"}}],"inLanguage":"de"},{"@type":"Person","@id":"https:\/\/huxlipux.de\/blog\/#\/schema\/person\/f2a857fac0c9223e32b50adc8a05fa1f","name":"Ursula B\u00f6hnke-Kuckhoff","sameAs":["http:\/\/www.huxlipux.de"],"url":"https:\/\/huxlipux.de\/blog\/author\/uweboe\/"}]}},"_links":{"self":[{"href":"https:\/\/huxlipux.de\/blog\/wp-json\/wp\/v2\/posts\/17260","targetHints":{"allow":["GET"]}}],"collection":[{"href":"https:\/\/huxlipux.de\/blog\/wp-json\/wp\/v2\/posts"}],"about":[{"href":"https:\/\/huxlipux.de\/blog\/wp-json\/wp\/v2\/types\/post"}],"author":[{"embeddable":true,"href":"https:\/\/huxlipux.de\/blog\/wp-json\/wp\/v2\/users\/2"}],"replies":[{"embeddable":true,"href":"https:\/\/huxlipux.de\/blog\/wp-json\/wp\/v2\/comments?post=17260"}],"version-history":[{"count":7,"href":"https:\/\/huxlipux.de\/blog\/wp-json\/wp\/v2\/posts\/17260\/revisions"}],"predecessor-version":[{"id":17364,"href":"https:\/\/huxlipux.de\/blog\/wp-json\/wp\/v2\/posts\/17260\/revisions\/17364"}],"wp:attachment":[{"href":"https:\/\/huxlipux.de\/blog\/wp-json\/wp\/v2\/media?parent=17260"}],"wp:term":[{"taxonomy":"category","embeddable":true,"href":"https:\/\/huxlipux.de\/blog\/wp-json\/wp\/v2\/categories?post=17260"},{"taxonomy":"post_tag","embeddable":true,"href":"https:\/\/huxlipux.de\/blog\/wp-json\/wp\/v2\/tags?post=17260"}],"curies":[{"name":"wp","href":"https:\/\/api.w.org\/{rel}","templated":true}]}}